{"id":6602,"date":"2023-03-27T16:11:58","date_gmt":"2023-03-27T16:11:58","guid":{"rendered":"https:\/\/www.algaevertical.com\/sessao-de-lancamento-do-vertical-algas-decorreu-na-universidade-do-algarve\/"},"modified":"2024-04-08T09:32:35","modified_gmt":"2024-04-08T09:32:35","slug":"sessao-de-lancamento-do-vertical-algas-decorreu-na-universidade-do-algarve","status":"publish","type":"post","link":"https:\/\/www.algaevertical.com\/pt-pt\/sessao-de-lancamento-do-vertical-algas-decorreu-na-universidade-do-algarve\/","title":{"rendered":"Sess\u00e3o de lan\u00e7amento do Vertical Algas decorreu na Universidade do Algarve"},"content":{"rendered":"\t\t<div data-elementor-type=\"wp-post\" data-elementor-id=\"6602\" class=\"elementor elementor-6602 elementor-2978\" data-elementor-post-type=\"post\">\n\t\t\t\t\t\t<section class=\"elementor-section elementor-top-section elementor-element elementor-element-d22d4d0 elementor-section-boxed elementor-section-height-default elementor-section-height-default\" data-id=\"d22d4d0\" data-element_type=\"section\" data-e-type=\"section\">\n\t\t\t\t\t\t<div class=\"elementor-container elementor-column-gap-no\">\n\t\t\t\t\t<div class=\"elementor-column elementor-col-100 elementor-top-column elementor-element elementor-element-3532590\" data-id=\"3532590\" data-element_type=\"column\" data-e-type=\"column\">\n\t\t\t<div class=\"elementor-widget-wrap elementor-element-populated\">\n\t\t\t\t\t\t<div class=\"elementor-element elementor-element-89f055e elementor-widget elementor-widget-text-editor\" data-id=\"89f055e\" data-element_type=\"widget\" data-e-type=\"widget\" data-widget_type=\"text-editor.default\">\n\t\t\t\t<div class=\"elementor-widget-container\">\n\t\t\t\t\t\t\t\t\tProjeto Vertical Algas do Pacto Bioeconomia Azul, projecto no \u00e2mbito do PPR, teve a sua apresenta\u00e7\u00e3o inicial num encontro realizado na Universidade do Algarve, Campus da Penha. Esta sess\u00e3o de lan\u00e7amento contou com a presen\u00e7a do Presidente do Conselho de Adminsta\u00e7\u00e3o Executivo da Inovamar, Miguel Marques.\n\nTodas as apresenta\u00e7\u00f5es dos subprojectos que constituem o Vertical Algas est\u00e3o dispon\u00edveis no nosso canal de Youtube.\t\t\t\t\t\t\t\t<\/div>\n\t\t\t\t<\/div>\n\t\t\t\t<div class=\"elementor-element elementor-element-2f8da68 elementor-arrows-position-inside elementor-pagination-position-outside elementor-widget elementor-widget-image-carousel\" data-id=\"2f8da68\" data-element_type=\"widget\" data-e-type=\"widget\" data-settings=\"{&quot;slides_to_show&quot;:&quot;2&quot;,&quot;slides_to_show_tablet&quot;:&quot;1&quot;,&quot;slides_to_show_mobile&quot;:&quot;1&quot;,&quot;slides_to_scroll&quot;:&quot;1&quot;,&quot;navigation&quot;:&quot;both&quot;,&quot;autoplay&quot;:&quot;yes&quot;,&quot;pause_on_hover&quot;:&quot;yes&quot;,&quot;pause_on_interaction&quot;:&quot;yes&quot;,&quot;autoplay_speed&quot;:5000,&quot;infinite&quot;:&quot;yes&quot;,&quot;speed&quot;:500,&quot;image_spacing_custom&quot;:{&quot;unit&quot;:&quot;px&quot;,&quot;size&quot;:20,&quot;sizes&quot;:[]}}\" data-widget_type=\"image-carousel.default\">\n\t\t\t\t<div class=\"elementor-widget-container\">\n\t\t\t\t\t\t\t<div class=\"elementor-image-carousel-wrapper swiper\" role=\"region\" aria-roledescription=\"carousel\" aria-label=\"Carrossel de imagens\" dir=\"ltr\">\n\t\t\t<div class=\"elementor-image-carousel swiper-wrapper swiper-image-stretch\" aria-live=\"off\">\n\t\t\t\t\t\t\t\t<div class=\"swiper-slide\" role=\"group\" aria-roledescription=\"slide\" aria-label=\"1 of 3\"><a data-elementor-open-lightbox=\"yes\" data-elementor-lightbox-slideshow=\"2f8da68\" data-elementor-lightbox-title=\"Noticia#1-min\" data-e-action-hash=\"#elementor-action%3Aaction%3Dlightbox%26settings%3DeyJpZCI6NTk2OCwidXJsIjoiaHR0cHM6XC9cL3d3dy5hbGdhZXZlcnRpY2FsLmNvbVwvd3AtY29udGVudFwvdXBsb2Fkc1wvMjAyM1wvMTFcL05vdGljaWExLW1pbi5qcGciLCJzbGlkZXNob3ciOiIyZjhkYTY4In0%3D\" href=\"https:\/\/www.algaevertical.com\/wp-content\/uploads\/2023\/11\/Noticia1-min.jpg\"><figure class=\"swiper-slide-inner\"><img decoding=\"async\" class=\"swiper-slide-image\" src=\"https:\/\/www.algaevertical.com\/wp-content\/uploads\/elementor\/thumbs\/Noticia1-min-qfgmh7gg0ibs00eahi5y49qx8u54u3gl9z0cj8n0dc.jpg\" alt=\"Noticia#1-min\" \/><\/figure><\/a><\/div><div class=\"swiper-slide\" role=\"group\" aria-roledescription=\"slide\" aria-label=\"2 of 3\"><a data-elementor-open-lightbox=\"yes\" data-elementor-lightbox-slideshow=\"2f8da68\" data-elementor-lightbox-title=\"Noticia#1(2)-min\" data-e-action-hash=\"#elementor-action%3Aaction%3Dlightbox%26settings%3DeyJpZCI6NTk2NCwidXJsIjoiaHR0cHM6XC9cL3d3dy5hbGdhZXZlcnRpY2FsLmNvbVwvd3AtY29udGVudFwvdXBsb2Fkc1wvMjAyM1wvMTFcL05vdGljaWExMi1taW4uanBnIiwic2xpZGVzaG93IjoiMmY4ZGE2OCJ9\" href=\"https:\/\/www.algaevertical.com\/wp-content\/uploads\/2023\/11\/Noticia12-min.jpg\"><figure class=\"swiper-slide-inner\"><img decoding=\"async\" class=\"swiper-slide-image\" src=\"https:\/\/www.algaevertical.com\/wp-content\/uploads\/elementor\/thumbs\/Noticia12-min-qfgmh5krmu97csh0shcoza8022eeep94lppdkopsps.jpg\" alt=\"Noticia#1(2)-min\" \/><\/figure><\/a><\/div><div class=\"swiper-slide\" role=\"group\" aria-roledescription=\"slide\" aria-label=\"3 of 3\"><a data-elementor-open-lightbox=\"yes\" data-elementor-lightbox-slideshow=\"2f8da68\" data-elementor-lightbox-title=\"Noticia#1(3)-min\" data-e-action-hash=\"#elementor-action%3Aaction%3Dlightbox%26settings%3DeyJpZCI6NTk2NiwidXJsIjoiaHR0cHM6XC9cL3d3dy5hbGdhZXZlcnRpY2FsLmNvbVwvd3AtY29udGVudFwvdXBsb2Fkc1wvMjAyM1wvMTFcL05vdGljaWExMy1taW4uanBnIiwic2xpZGVzaG93IjoiMmY4ZGE2OCJ9\" href=\"https:\/\/www.algaevertical.com\/wp-content\/uploads\/2023\/11\/Noticia13-min.jpg\"><figure class=\"swiper-slide-inner\"><img decoding=\"async\" class=\"swiper-slide-image\" src=\"https:\/\/www.algaevertical.com\/wp-content\/uploads\/elementor\/thumbs\/Noticia13-min-qfgmh6iltoahoefnmzrbjrzgng9rmecuxucv1yoejk.jpg\" alt=\"Noticia#1(3)-min\" \/><\/figure><\/a><\/div>\t\t\t<\/div>\n\t\t\t\t\t\t\t\t\t\t\t\t<div class=\"elementor-swiper-button elementor-swiper-button-prev\" role=\"button\" tabindex=\"0\">\n\t\t\t\t\t\t<i aria-hidden=\"true\" class=\"eicon-chevron-left\"><\/i>\t\t\t\t\t<\/div>\n\t\t\t\t\t<div class=\"elementor-swiper-button elementor-swiper-button-next\" role=\"button\" tabindex=\"0\">\n\t\t\t\t\t\t<i aria-hidden=\"true\" class=\"eicon-chevron-right\"><\/i>\t\t\t\t\t<\/div>\n\t\t\t\t\n\t\t\t\t\t\t\t\t\t<div class=\"swiper-pagination\"><\/div>\n\t\t\t\t\t\t\t\t\t<\/div>\n\t\t\t\t\t\t<\/div>\n\t\t\t\t<\/div>\n\t\t\t\t<div class=\"elementor-element elementor-element-b20c4fe elementor-widget__width-initial elementor-widget elementor-widget-video\" data-id=\"b20c4fe\" data-element_type=\"widget\" data-e-type=\"widget\" data-settings=\"{&quot;youtube_url&quot;:&quot;https:\\\/\\\/www.youtube.com\\\/watch?v=aFf4PcvEslw&quot;,&quot;video_type&quot;:&quot;youtube&quot;,&quot;controls&quot;:&quot;yes&quot;}\" data-widget_type=\"video.default\">\n\t\t\t\t<div class=\"elementor-widget-container\">\n\t\t\t\t\t\t\t<div class=\"elementor-wrapper elementor-open-inline\">\n\t\t\t<div class=\"elementor-video\"><\/div>\t\t<\/div>\n\t\t\t\t\t\t<\/div>\n\t\t\t\t<\/div>\n\t\t\t\t\t<\/div>\n\t\t<\/div>\n\t\t\t\t\t<\/div>\n\t\t<\/section>\n\t\t\t\t<\/div>\n\t\t","protected":false},"excerpt":{"rendered":"<p>Projeto Vertical Algas do Pacto Bioeconomia Azul, projecto no \u00e2mbito do PPR, teve a sua apresenta\u00e7\u00e3o inicial num encontro realizado na Universidade do Algarve, Campus da Penha. Esta sess\u00e3o de lan\u00e7amento contou com a presen\u00e7a do Presidente do Conselho de Adminsta\u00e7\u00e3o Executivo da Inovamar, Miguel Marques. Todas as apresenta\u00e7\u00f5es dos subprojectos que constituem o Vertical [&hellip;]<\/p>\n","protected":false},"author":1,"featured_media":6054,"comment_status":"closed","ping_status":"closed","sticky":false,"template":"elementor_header_footer","format":"standard","meta":{"_acf_changed":false,"footnotes":""},"categories":[80],"tags":[],"class_list":["post-6602","post","type-post","status-publish","format-standard","has-post-thumbnail","hentry","category-titulos"],"acf":[],"yoast_head":"<!-- This site is optimized with the Yoast SEO plugin v27.2 - https:\/\/yoast.com\/product\/yoast-seo-wordpress\/ -->\n<title>Sess\u00e3o de lan\u00e7amento do Vertical Algas decorreu na Universidade do Algarve - Algae Vertical<\/title>\n<meta name=\"robots\" content=\"index, follow, max-snippet:-1, max-image-preview:large, max-video-preview:-1\" \/>\n<link rel=\"canonical\" href=\"https:\/\/www.algaevertical.com\/pt-pt\/sessao-de-lancamento-do-vertical-algas-decorreu-na-universidade-do-algarve\/\" \/>\n<meta property=\"og:locale\" content=\"pt_PT\" \/>\n<meta property=\"og:type\" content=\"article\" \/>\n<meta property=\"og:title\" content=\"Sess\u00e3o de lan\u00e7amento do Vertical Algas decorreu na Universidade do Algarve - Algae Vertical\" \/>\n<meta property=\"og:description\" content=\"Projeto Vertical Algas do Pacto Bioeconomia Azul, projecto no \u00e2mbito do PPR, teve a sua apresenta\u00e7\u00e3o inicial num encontro realizado na Universidade do Algarve, Campus da Penha. Esta sess\u00e3o de lan\u00e7amento contou com a presen\u00e7a do Presidente do Conselho de Adminsta\u00e7\u00e3o Executivo da Inovamar, Miguel Marques. Todas as apresenta\u00e7\u00f5es dos subprojectos que constituem o Vertical [&hellip;]\" \/>\n<meta property=\"og:url\" content=\"https:\/\/www.algaevertical.com\/pt-pt\/sessao-de-lancamento-do-vertical-algas-decorreu-na-universidade-do-algarve\/\" \/>\n<meta property=\"og:site_name\" content=\"Algae Vertical\" \/>\n<meta property=\"article:published_time\" content=\"2023-03-27T16:11:58+00:00\" \/>\n<meta property=\"article:modified_time\" content=\"2024-04-08T09:32:35+00:00\" \/>\n<meta property=\"og:image\" content=\"https:\/\/www.algaevertical.com\/wp-content\/uploads\/2023\/03\/ALGAE_VERTICAL_logo-07-Square-min.png\" \/>\n\t<meta property=\"og:image:width\" content=\"1200\" \/>\n\t<meta property=\"og:image:height\" content=\"1200\" \/>\n\t<meta property=\"og:image:type\" content=\"image\/png\" \/>\n<meta name=\"author\" content=\"growme\" \/>\n<meta name=\"twitter:card\" content=\"summary_large_image\" \/>\n<meta name=\"twitter:label1\" content=\"Escrito por\" \/>\n\t<meta name=\"twitter:data1\" content=\"growme\" \/>\n<script type=\"application\/ld+json\" class=\"yoast-schema-graph\">{\"@context\":\"https:\/\/schema.org\",\"@graph\":[{\"@type\":\"Article\",\"@id\":\"https:\/\/www.algaevertical.com\/pt-pt\/sessao-de-lancamento-do-vertical-algas-decorreu-na-universidade-do-algarve\/#article\",\"isPartOf\":{\"@id\":\"https:\/\/www.algaevertical.com\/pt-pt\/sessao-de-lancamento-do-vertical-algas-decorreu-na-universidade-do-algarve\/\"},\"author\":{\"name\":\"growme\",\"@id\":\"https:\/\/www.algaevertical.com\/pt-pt\/#\/schema\/person\/aa0954baa4f1cc7852d347e6dde9d839\"},\"headline\":\"Sess\u00e3o de lan\u00e7amento do Vertical Algas decorreu na Universidade do Algarve\",\"datePublished\":\"2023-03-27T16:11:58+00:00\",\"dateModified\":\"2024-04-08T09:32:35+00:00\",\"mainEntityOfPage\":{\"@id\":\"https:\/\/www.algaevertical.com\/pt-pt\/sessao-de-lancamento-do-vertical-algas-decorreu-na-universidade-do-algarve\/\"},\"wordCount\":92,\"image\":{\"@id\":\"https:\/\/www.algaevertical.com\/pt-pt\/sessao-de-lancamento-do-vertical-algas-decorreu-na-universidade-do-algarve\/#primaryimage\"},\"thumbnailUrl\":\"https:\/\/www.algaevertical.com\/wp-content\/uploads\/2023\/03\/ALGAE_VERTICAL_logo-07-Square-min.png\",\"articleSection\":[\"T\u00edtulos\"],\"inLanguage\":\"pt-PT\"},{\"@type\":\"WebPage\",\"@id\":\"https:\/\/www.algaevertical.com\/pt-pt\/sessao-de-lancamento-do-vertical-algas-decorreu-na-universidade-do-algarve\/\",\"url\":\"https:\/\/www.algaevertical.com\/pt-pt\/sessao-de-lancamento-do-vertical-algas-decorreu-na-universidade-do-algarve\/\",\"name\":\"Sess\u00e3o de lan\u00e7amento do Vertical Algas decorreu na Universidade do Algarve - Algae Vertical\",\"isPartOf\":{\"@id\":\"https:\/\/www.algaevertical.com\/pt-pt\/#website\"},\"primaryImageOfPage\":{\"@id\":\"https:\/\/www.algaevertical.com\/pt-pt\/sessao-de-lancamento-do-vertical-algas-decorreu-na-universidade-do-algarve\/#primaryimage\"},\"image\":{\"@id\":\"https:\/\/www.algaevertical.com\/pt-pt\/sessao-de-lancamento-do-vertical-algas-decorreu-na-universidade-do-algarve\/#primaryimage\"},\"thumbnailUrl\":\"https:\/\/www.algaevertical.com\/wp-content\/uploads\/2023\/03\/ALGAE_VERTICAL_logo-07-Square-min.png\",\"datePublished\":\"2023-03-27T16:11:58+00:00\",\"dateModified\":\"2024-04-08T09:32:35+00:00\",\"author\":{\"@id\":\"https:\/\/www.algaevertical.com\/pt-pt\/#\/schema\/person\/aa0954baa4f1cc7852d347e6dde9d839\"},\"breadcrumb\":{\"@id\":\"https:\/\/www.algaevertical.com\/pt-pt\/sessao-de-lancamento-do-vertical-algas-decorreu-na-universidade-do-algarve\/#breadcrumb\"},\"inLanguage\":\"pt-PT\",\"potentialAction\":[{\"@type\":\"ReadAction\",\"target\":[\"https:\/\/www.algaevertical.com\/pt-pt\/sessao-de-lancamento-do-vertical-algas-decorreu-na-universidade-do-algarve\/\"]}]},{\"@type\":\"ImageObject\",\"inLanguage\":\"pt-PT\",\"@id\":\"https:\/\/www.algaevertical.com\/pt-pt\/sessao-de-lancamento-do-vertical-algas-decorreu-na-universidade-do-algarve\/#primaryimage\",\"url\":\"https:\/\/www.algaevertical.com\/wp-content\/uploads\/2023\/03\/ALGAE_VERTICAL_logo-07-Square-min.png\",\"contentUrl\":\"https:\/\/www.algaevertical.com\/wp-content\/uploads\/2023\/03\/ALGAE_VERTICAL_logo-07-Square-min.png\",\"width\":1200,\"height\":1200},{\"@type\":\"BreadcrumbList\",\"@id\":\"https:\/\/www.algaevertical.com\/pt-pt\/sessao-de-lancamento-do-vertical-algas-decorreu-na-universidade-do-algarve\/#breadcrumb\",\"itemListElement\":[{\"@type\":\"ListItem\",\"position\":1,\"name\":\"In\u00edcio\",\"item\":\"https:\/\/www.algaevertical.com\/\"},{\"@type\":\"ListItem\",\"position\":2,\"name\":\"Sess\u00e3o de lan\u00e7amento do Vertical Algas decorreu na Universidade do Algarve\"}]},{\"@type\":\"WebSite\",\"@id\":\"https:\/\/www.algaevertical.com\/pt-pt\/#website\",\"url\":\"https:\/\/www.algaevertical.com\/pt-pt\/\",\"name\":\"Algae Vertical\",\"description\":\"Projecto AlgaeVertical\",\"potentialAction\":[{\"@type\":\"SearchAction\",\"target\":{\"@type\":\"EntryPoint\",\"urlTemplate\":\"https:\/\/www.algaevertical.com\/pt-pt\/?s={search_term_string}\"},\"query-input\":{\"@type\":\"PropertyValueSpecification\",\"valueRequired\":true,\"valueName\":\"search_term_string\"}}],\"inLanguage\":\"pt-PT\"},{\"@type\":\"Person\",\"@id\":\"https:\/\/www.algaevertical.com\/pt-pt\/#\/schema\/person\/aa0954baa4f1cc7852d347e6dde9d839\",\"name\":\"growme\",\"image\":{\"@type\":\"ImageObject\",\"inLanguage\":\"pt-PT\",\"@id\":\"https:\/\/secure.gravatar.com\/avatar\/4d06ef453e73cf5edddcbb6bf454d99bfa7bf71e9b247f61a2aa7ff6e52f4f5a?s=96&d=mm&r=g\",\"url\":\"https:\/\/secure.gravatar.com\/avatar\/4d06ef453e73cf5edddcbb6bf454d99bfa7bf71e9b247f61a2aa7ff6e52f4f5a?s=96&d=mm&r=g\",\"contentUrl\":\"https:\/\/secure.gravatar.com\/avatar\/4d06ef453e73cf5edddcbb6bf454d99bfa7bf71e9b247f61a2aa7ff6e52f4f5a?s=96&d=mm&r=g\",\"caption\":\"growme\"},\"sameAs\":[\"https:\/\/www.algaevertical.com\"],\"url\":\"https:\/\/www.algaevertical.com\/pt-pt\/author\/growme\/\"}]}<\/script>\n<!-- \/ Yoast SEO plugin. -->","yoast_head_json":{"title":"Sess\u00e3o de lan\u00e7amento do Vertical Algas decorreu na Universidade do Algarve - Algae Vertical","robots":{"index":"index","follow":"follow","max-snippet":"max-snippet:-1","max-image-preview":"max-image-preview:large","max-video-preview":"max-video-preview:-1"},"canonical":"https:\/\/www.algaevertical.com\/pt-pt\/sessao-de-lancamento-do-vertical-algas-decorreu-na-universidade-do-algarve\/","og_locale":"pt_PT","og_type":"article","og_title":"Sess\u00e3o de lan\u00e7amento do Vertical Algas decorreu na Universidade do Algarve - Algae Vertical","og_description":"Projeto Vertical Algas do Pacto Bioeconomia Azul, projecto no \u00e2mbito do PPR, teve a sua apresenta\u00e7\u00e3o inicial num encontro realizado na Universidade do Algarve, Campus da Penha. Esta sess\u00e3o de lan\u00e7amento contou com a presen\u00e7a do Presidente do Conselho de Adminsta\u00e7\u00e3o Executivo da Inovamar, Miguel Marques. Todas as apresenta\u00e7\u00f5es dos subprojectos que constituem o Vertical [&hellip;]","og_url":"https:\/\/www.algaevertical.com\/pt-pt\/sessao-de-lancamento-do-vertical-algas-decorreu-na-universidade-do-algarve\/","og_site_name":"Algae Vertical","article_published_time":"2023-03-27T16:11:58+00:00","article_modified_time":"2024-04-08T09:32:35+00:00","og_image":[{"width":1200,"height":1200,"url":"https:\/\/www.algaevertical.com\/wp-content\/uploads\/2023\/03\/ALGAE_VERTICAL_logo-07-Square-min.png","type":"image\/png"}],"author":"growme","twitter_card":"summary_large_image","twitter_misc":{"Escrito por":"growme"},"schema":{"@context":"https:\/\/schema.org","@graph":[{"@type":"Article","@id":"https:\/\/www.algaevertical.com\/pt-pt\/sessao-de-lancamento-do-vertical-algas-decorreu-na-universidade-do-algarve\/#article","isPartOf":{"@id":"https:\/\/www.algaevertical.com\/pt-pt\/sessao-de-lancamento-do-vertical-algas-decorreu-na-universidade-do-algarve\/"},"author":{"name":"growme","@id":"https:\/\/www.algaevertical.com\/pt-pt\/#\/schema\/person\/aa0954baa4f1cc7852d347e6dde9d839"},"headline":"Sess\u00e3o de lan\u00e7amento do Vertical Algas decorreu na Universidade do Algarve","datePublished":"2023-03-27T16:11:58+00:00","dateModified":"2024-04-08T09:32:35+00:00","mainEntityOfPage":{"@id":"https:\/\/www.algaevertical.com\/pt-pt\/sessao-de-lancamento-do-vertical-algas-decorreu-na-universidade-do-algarve\/"},"wordCount":92,"image":{"@id":"https:\/\/www.algaevertical.com\/pt-pt\/sessao-de-lancamento-do-vertical-algas-decorreu-na-universidade-do-algarve\/#primaryimage"},"thumbnailUrl":"https:\/\/www.algaevertical.com\/wp-content\/uploads\/2023\/03\/ALGAE_VERTICAL_logo-07-Square-min.png","articleSection":["T\u00edtulos"],"inLanguage":"pt-PT"},{"@type":"WebPage","@id":"https:\/\/www.algaevertical.com\/pt-pt\/sessao-de-lancamento-do-vertical-algas-decorreu-na-universidade-do-algarve\/","url":"https:\/\/www.algaevertical.com\/pt-pt\/sessao-de-lancamento-do-vertical-algas-decorreu-na-universidade-do-algarve\/","name":"Sess\u00e3o de lan\u00e7amento do Vertical Algas decorreu na Universidade do Algarve - Algae Vertical","isPartOf":{"@id":"https:\/\/www.algaevertical.com\/pt-pt\/#website"},"primaryImageOfPage":{"@id":"https:\/\/www.algaevertical.com\/pt-pt\/sessao-de-lancamento-do-vertical-algas-decorreu-na-universidade-do-algarve\/#primaryimage"},"image":{"@id":"https:\/\/www.algaevertical.com\/pt-pt\/sessao-de-lancamento-do-vertical-algas-decorreu-na-universidade-do-algarve\/#primaryimage"},"thumbnailUrl":"https:\/\/www.algaevertical.com\/wp-content\/uploads\/2023\/03\/ALGAE_VERTICAL_logo-07-Square-min.png","datePublished":"2023-03-27T16:11:58+00:00","dateModified":"2024-04-08T09:32:35+00:00","author":{"@id":"https:\/\/www.algaevertical.com\/pt-pt\/#\/schema\/person\/aa0954baa4f1cc7852d347e6dde9d839"},"breadcrumb":{"@id":"https:\/\/www.algaevertical.com\/pt-pt\/sessao-de-lancamento-do-vertical-algas-decorreu-na-universidade-do-algarve\/#breadcrumb"},"inLanguage":"pt-PT","potentialAction":[{"@type":"ReadAction","target":["https:\/\/www.algaevertical.com\/pt-pt\/sessao-de-lancamento-do-vertical-algas-decorreu-na-universidade-do-algarve\/"]}]},{"@type":"ImageObject","inLanguage":"pt-PT","@id":"https:\/\/www.algaevertical.com\/pt-pt\/sessao-de-lancamento-do-vertical-algas-decorreu-na-universidade-do-algarve\/#primaryimage","url":"https:\/\/www.algaevertical.com\/wp-content\/uploads\/2023\/03\/ALGAE_VERTICAL_logo-07-Square-min.png","contentUrl":"https:\/\/www.algaevertical.com\/wp-content\/uploads\/2023\/03\/ALGAE_VERTICAL_logo-07-Square-min.png","width":1200,"height":1200},{"@type":"BreadcrumbList","@id":"https:\/\/www.algaevertical.com\/pt-pt\/sessao-de-lancamento-do-vertical-algas-decorreu-na-universidade-do-algarve\/#breadcrumb","itemListElement":[{"@type":"ListItem","position":1,"name":"In\u00edcio","item":"https:\/\/www.algaevertical.com\/"},{"@type":"ListItem","position":2,"name":"Sess\u00e3o de lan\u00e7amento do Vertical Algas decorreu na Universidade do Algarve"}]},{"@type":"WebSite","@id":"https:\/\/www.algaevertical.com\/pt-pt\/#website","url":"https:\/\/www.algaevertical.com\/pt-pt\/","name":"Algae Vertical","description":"Projecto AlgaeVertical","potentialAction":[{"@type":"SearchAction","target":{"@type":"EntryPoint","urlTemplate":"https:\/\/www.algaevertical.com\/pt-pt\/?s={search_term_string}"},"query-input":{"@type":"PropertyValueSpecification","valueRequired":true,"valueName":"search_term_string"}}],"inLanguage":"pt-PT"},{"@type":"Person","@id":"https:\/\/www.algaevertical.com\/pt-pt\/#\/schema\/person\/aa0954baa4f1cc7852d347e6dde9d839","name":"growme","image":{"@type":"ImageObject","inLanguage":"pt-PT","@id":"https:\/\/secure.gravatar.com\/avatar\/4d06ef453e73cf5edddcbb6bf454d99bfa7bf71e9b247f61a2aa7ff6e52f4f5a?s=96&d=mm&r=g","url":"https:\/\/secure.gravatar.com\/avatar\/4d06ef453e73cf5edddcbb6bf454d99bfa7bf71e9b247f61a2aa7ff6e52f4f5a?s=96&d=mm&r=g","contentUrl":"https:\/\/secure.gravatar.com\/avatar\/4d06ef453e73cf5edddcbb6bf454d99bfa7bf71e9b247f61a2aa7ff6e52f4f5a?s=96&d=mm&r=g","caption":"growme"},"sameAs":["https:\/\/www.algaevertical.com"],"url":"https:\/\/www.algaevertical.com\/pt-pt\/author\/growme\/"}]}},"_links":{"self":[{"href":"https:\/\/www.algaevertical.com\/pt-pt\/wp-json\/wp\/v2\/posts\/6602","targetHints":{"allow":["GET"]}}],"collection":[{"href":"https:\/\/www.algaevertical.com\/pt-pt\/wp-json\/wp\/v2\/posts"}],"about":[{"href":"https:\/\/www.algaevertical.com\/pt-pt\/wp-json\/wp\/v2\/types\/post"}],"author":[{"embeddable":true,"href":"https:\/\/www.algaevertical.com\/pt-pt\/wp-json\/wp\/v2\/users\/1"}],"replies":[{"embeddable":true,"href":"https:\/\/www.algaevertical.com\/pt-pt\/wp-json\/wp\/v2\/comments?post=6602"}],"version-history":[{"count":5,"href":"https:\/\/www.algaevertical.com\/pt-pt\/wp-json\/wp\/v2\/posts\/6602\/revisions"}],"predecessor-version":[{"id":6607,"href":"https:\/\/www.algaevertical.com\/pt-pt\/wp-json\/wp\/v2\/posts\/6602\/revisions\/6607"}],"wp:featuredmedia":[{"embeddable":true,"href":"https:\/\/www.algaevertical.com\/pt-pt\/wp-json\/wp\/v2\/media\/6054"}],"wp:attachment":[{"href":"https:\/\/www.algaevertical.com\/pt-pt\/wp-json\/wp\/v2\/media?parent=6602"}],"wp:term":[{"taxonomy":"category","embeddable":true,"href":"https:\/\/www.algaevertical.com\/pt-pt\/wp-json\/wp\/v2\/categories?post=6602"},{"taxonomy":"post_tag","embeddable":true,"href":"https:\/\/www.algaevertical.com\/pt-pt\/wp-json\/wp\/v2\/tags?post=6602"}],"curies":[{"name":"wp","href":"https:\/\/api.w.org\/{rel}","templated":true}]}}