{"id":6610,"date":"2023-06-06T12:18:18","date_gmt":"2023-06-06T12:18:18","guid":{"rendered":"https:\/\/www.algaevertical.com\/participacao-da-proalga-no-4o-flash-webinar-da-apaa\/"},"modified":"2024-04-08T09:40:41","modified_gmt":"2024-04-08T09:40:41","slug":"participacao-da-proalga-no-4o-flash-webinar-da-apaa","status":"publish","type":"post","link":"https:\/\/www.algaevertical.com\/pt-pt\/participacao-da-proalga-no-4o-flash-webinar-da-apaa\/","title":{"rendered":"Participa\u00e7\u00e3o da PROALGA no 4\u00ba Flash Webinar da APAA"},"content":{"rendered":"\t\t<div data-elementor-type=\"wp-post\" data-elementor-id=\"6610\" class=\"elementor elementor-6610 elementor-5832\" data-elementor-post-type=\"post\">\n\t\t\t\t\t\t<section class=\"elementor-section elementor-top-section elementor-element elementor-element-d22d4d0 elementor-section-boxed elementor-section-height-default elementor-section-height-default\" data-id=\"d22d4d0\" data-element_type=\"section\" data-e-type=\"section\">\n\t\t\t\t\t\t<div class=\"elementor-container elementor-column-gap-no\">\n\t\t\t\t\t<div class=\"elementor-column elementor-col-100 elementor-top-column elementor-element elementor-element-3532590\" data-id=\"3532590\" data-element_type=\"column\" data-e-type=\"column\">\n\t\t\t<div class=\"elementor-widget-wrap elementor-element-populated\">\n\t\t\t\t\t\t<div class=\"elementor-element elementor-element-89f055e elementor-widget elementor-widget-text-editor\" data-id=\"89f055e\" data-element_type=\"widget\" data-e-type=\"widget\" data-widget_type=\"text-editor.default\">\n\t\t\t\t<div class=\"elementor-widget-container\">\n\t\t\t\t\t\t\t\t\tMargarida Eust\u00e1quio, Gestora de Projecto da PROALGA, esteve presente num webinar organizado pela Associa\u00e7\u00e3o Portuguesa de Algologia Aplicada (APAA) no dia 6 de julho. Neste evento online, a Margarida deu a conhecer a PROALGA, enquanto associa\u00e7\u00e3o que atua como representante dos produtores de algas, com o prop\u00f3sito de salvaguardar os interesses do sector das algas, explorando tamb\u00e9m as traject\u00f3rias futuras. E presentou ainda \u00e0 sua audi\u00eancia o projecto Algae Vertical, revelando os objetivos do Sub-Projecto 7, do qual a PROALGA \u00e9 l\u00edder.\n\t\t\t\t\t\t\t\t<\/div>\n\t\t\t\t<\/div>\n\t\t\t\t<div class=\"elementor-element elementor-element-05bda1e elementor-arrows-position-inside elementor-pagination-position-outside elementor-widget elementor-widget-image-carousel\" data-id=\"05bda1e\" data-element_type=\"widget\" data-e-type=\"widget\" data-settings=\"{&quot;slides_to_show&quot;:&quot;2&quot;,&quot;slides_to_show_tablet&quot;:&quot;1&quot;,&quot;slides_to_show_mobile&quot;:&quot;1&quot;,&quot;slides_to_scroll&quot;:&quot;1&quot;,&quot;navigation&quot;:&quot;both&quot;,&quot;autoplay&quot;:&quot;yes&quot;,&quot;pause_on_hover&quot;:&quot;yes&quot;,&quot;pause_on_interaction&quot;:&quot;yes&quot;,&quot;autoplay_speed&quot;:5000,&quot;infinite&quot;:&quot;yes&quot;,&quot;speed&quot;:500,&quot;image_spacing_custom&quot;:{&quot;unit&quot;:&quot;px&quot;,&quot;size&quot;:20,&quot;sizes&quot;:[]}}\" data-widget_type=\"image-carousel.default\">\n\t\t\t\t<div class=\"elementor-widget-container\">\n\t\t\t\t\t\t\t<div class=\"elementor-image-carousel-wrapper swiper\" role=\"region\" aria-roledescription=\"carousel\" aria-label=\"Carrossel de imagens\" dir=\"ltr\">\n\t\t\t<div class=\"elementor-image-carousel swiper-wrapper swiper-image-stretch\" aria-live=\"off\">\n\t\t\t\t\t\t\t\t<div class=\"swiper-slide\" role=\"group\" aria-roledescription=\"slide\" aria-label=\"1 of 2\"><a data-elementor-open-lightbox=\"yes\" data-elementor-lightbox-slideshow=\"05bda1e\" data-elementor-lightbox-title=\"Noticia#3-min\" data-e-action-hash=\"#elementor-action%3Aaction%3Dlightbox%26settings%3DeyJpZCI6NTk3OCwidXJsIjoiaHR0cHM6XC9cL3d3dy5hbGdhZXZlcnRpY2FsLmNvbVwvd3AtY29udGVudFwvdXBsb2Fkc1wvMjAyM1wvMTFcL05vdGljaWEzLW1pbi5qcGciLCJzbGlkZXNob3ciOiIwNWJkYTFlIn0%3D\" href=\"https:\/\/www.algaevertical.com\/wp-content\/uploads\/2023\/11\/Noticia3-min.jpg\"><figure class=\"swiper-slide-inner\"><img decoding=\"async\" class=\"swiper-slide-image\" src=\"https:\/\/www.algaevertical.com\/wp-content\/uploads\/elementor\/thumbs\/Noticia3-min-qfgmhez5j6m2kw3d9leyo7ulzx42joafz088dgbui2.jpg\" alt=\"Noticia#3-min\" \/><\/figure><\/a><\/div><div class=\"swiper-slide\" role=\"group\" aria-roledescription=\"slide\" aria-label=\"2 of 2\"><a data-elementor-open-lightbox=\"yes\" data-elementor-lightbox-slideshow=\"05bda1e\" data-elementor-lightbox-title=\"Noticia#3 (2)-min\" data-e-action-hash=\"#elementor-action%3Aaction%3Dlightbox%26settings%3DeyJpZCI6NTk3NiwidXJsIjoiaHR0cHM6XC9cL3d3dy5hbGdhZXZlcnRpY2FsLmNvbVwvd3AtY29udGVudFwvdXBsb2Fkc1wvMjAyM1wvMTFcL05vdGljaWEzLTItbWluLmpwZyIsInNsaWRlc2hvdyI6IjA1YmRhMWUifQ%3D%3D\" href=\"https:\/\/www.algaevertical.com\/wp-content\/uploads\/2023\/11\/Noticia3-2-min.jpg\"><figure class=\"swiper-slide-inner\"><img decoding=\"async\" class=\"swiper-slide-image\" src=\"https:\/\/www.algaevertical.com\/wp-content\/uploads\/elementor\/thumbs\/Noticia3-2-min-qfgmhd3h5ijhxo63kklpj8bot5dc4a2zaqx9ewemui.jpg\" alt=\"Noticia#3 (2)-min\" \/><\/figure><\/a><\/div>\t\t\t<\/div>\n\t\t\t\t\t\t\t\t\t\t\t\t<div class=\"elementor-swiper-button elementor-swiper-button-prev\" role=\"button\" tabindex=\"0\">\n\t\t\t\t\t\t<i aria-hidden=\"true\" class=\"eicon-chevron-left\"><\/i>\t\t\t\t\t<\/div>\n\t\t\t\t\t<div class=\"elementor-swiper-button elementor-swiper-button-next\" role=\"button\" tabindex=\"0\">\n\t\t\t\t\t\t<i aria-hidden=\"true\" class=\"eicon-chevron-right\"><\/i>\t\t\t\t\t<\/div>\n\t\t\t\t\n\t\t\t\t\t\t\t\t\t<div class=\"swiper-pagination\"><\/div>\n\t\t\t\t\t\t\t\t\t<\/div>\n\t\t\t\t\t\t<\/div>\n\t\t\t\t<\/div>\n\t\t\t\t<div class=\"elementor-element elementor-element-cf15f45 elementor-tablet-align-left elementor-mobile-align-left elementor-align-center elementor-widget elementor-widget-raven-button\" data-id=\"cf15f45\" data-element_type=\"widget\" data-e-type=\"widget\" data-settings=\"{&quot;turn_to_popup_action_button&quot;:&quot;no&quot;}\" data-widget_type=\"raven-button.default\">\n\t\t\t\t<div class=\"elementor-widget-container\">\n\t\t\t\t\t\t\t<div class=\"raven-widget-wrapper\">\n\t\t\t<a class=\"raven-button raven-button-widget-normal-effect-none  raven-button-text-align-center raven-button-link elementor-animation-grow\" href=\"https:\/\/tinyurl.com\/2xf7axfh\" target=\"_blank\">\t\t\t\t<div class=\"raven-button-overlay\" ><\/div>\n\t\t\t\t<span class=\"raven-button-content\">\n\t\t\t\t\t\n\t\t\t\t\t<div class=\"button-text-container\">\n\t\t\t\t\t\t\t\t\t\t\t\t<div class=\"raven-button-texts-wrapper\">\n\t\t\t\t\t\t\t<div class=\"button-text\">\n\t\t\t\t\t\t\t\t<span class=\"raven-button-text\">\n\t\t\t\t\t\t\t\t\tSaber Mais\t\t\t\t\t\t\t\t<\/span>\n\t\t\t\t\t\t\t<\/div>\n\t\t\t\t\t\t\t\t\t\t\t\t\t<\/div>\n\t\t\t\t\t\t\t\t\t\t\t<\/div>\n\t\t\t\t\t\n\t\t\t\t\t\t\t\t\t<\/span>\n\t\t\t<\/a>\t\t<\/div>\n\t\t\t\t\t\t<\/div>\n\t\t\t\t<\/div>\n\t\t\t\t\t<\/div>\n\t\t<\/div>\n\t\t\t\t\t<\/div>\n\t\t<\/section>\n\t\t\t\t<\/div>\n\t\t","protected":false},"excerpt":{"rendered":"<p>Margarida Eust\u00e1quio, Gestora de Projecto da PROALGA, esteve presente num webinar organizado pela Associa\u00e7\u00e3o Portuguesa de Algologia Aplicada (APAA) no dia 6 de julho. Neste evento online, a Margarida deu a conhecer a PROALGA, enquanto associa\u00e7\u00e3o que atua como representante dos produtores de algas, com o prop\u00f3sito de salvaguardar os interesses do sector das algas, [&hellip;]<\/p>\n","protected":false},"author":1,"featured_media":6056,"comment_status":"closed","ping_status":"closed","sticky":false,"template":"elementor_header_footer","format":"standard","meta":{"_acf_changed":false,"footnotes":""},"categories":[80],"tags":[],"class_list":["post-6610","post","type-post","status-publish","format-standard","has-post-thumbnail","hentry","category-titulos"],"acf":[],"yoast_head":"<!-- This site is optimized with the Yoast SEO plugin v27.2 - https:\/\/yoast.com\/product\/yoast-seo-wordpress\/ -->\n<title>Participa\u00e7\u00e3o da PROALGA no 4\u00ba Flash Webinar da APAA - Algae Vertical<\/title>\n<meta name=\"robots\" content=\"index, follow, max-snippet:-1, max-image-preview:large, max-video-preview:-1\" \/>\n<link rel=\"canonical\" href=\"https:\/\/www.algaevertical.com\/pt-pt\/participacao-da-proalga-no-4o-flash-webinar-da-apaa\/\" \/>\n<meta property=\"og:locale\" content=\"pt_PT\" \/>\n<meta property=\"og:type\" content=\"article\" \/>\n<meta property=\"og:title\" content=\"Participa\u00e7\u00e3o da PROALGA no 4\u00ba Flash Webinar da APAA - Algae Vertical\" \/>\n<meta property=\"og:description\" content=\"Margarida Eust\u00e1quio, Gestora de Projecto da PROALGA, esteve presente num webinar organizado pela Associa\u00e7\u00e3o Portuguesa de Algologia Aplicada (APAA) no dia 6 de julho. Neste evento online, a Margarida deu a conhecer a PROALGA, enquanto associa\u00e7\u00e3o que atua como representante dos produtores de algas, com o prop\u00f3sito de salvaguardar os interesses do sector das algas, [&hellip;]\" \/>\n<meta property=\"og:url\" content=\"https:\/\/www.algaevertical.com\/pt-pt\/participacao-da-proalga-no-4o-flash-webinar-da-apaa\/\" \/>\n<meta property=\"og:site_name\" content=\"Algae Vertical\" \/>\n<meta property=\"article:published_time\" content=\"2023-06-06T12:18:18+00:00\" \/>\n<meta property=\"article:modified_time\" content=\"2024-04-08T09:40:41+00:00\" \/>\n<meta property=\"og:image\" content=\"https:\/\/www.algaevertical.com\/wp-content\/uploads\/2023\/03\/logo-principal-cor-square-min.png\" \/>\n\t<meta property=\"og:image:width\" content=\"1200\" \/>\n\t<meta property=\"og:image:height\" content=\"1200\" \/>\n\t<meta property=\"og:image:type\" content=\"image\/png\" \/>\n<meta name=\"author\" content=\"growme\" \/>\n<meta name=\"twitter:card\" content=\"summary_large_image\" \/>\n<meta name=\"twitter:label1\" content=\"Escrito por\" \/>\n\t<meta name=\"twitter:data1\" content=\"growme\" \/>\n<script type=\"application\/ld+json\" class=\"yoast-schema-graph\">{\"@context\":\"https:\/\/schema.org\",\"@graph\":[{\"@type\":\"Article\",\"@id\":\"https:\/\/www.algaevertical.com\/pt-pt\/participacao-da-proalga-no-4o-flash-webinar-da-apaa\/#article\",\"isPartOf\":{\"@id\":\"https:\/\/www.algaevertical.com\/pt-pt\/participacao-da-proalga-no-4o-flash-webinar-da-apaa\/\"},\"author\":{\"name\":\"growme\",\"@id\":\"https:\/\/www.algaevertical.com\/pt-pt\/#\/schema\/person\/aa0954baa4f1cc7852d347e6dde9d839\"},\"headline\":\"Participa\u00e7\u00e3o da PROALGA no 4\u00ba Flash Webinar da APAA\",\"datePublished\":\"2023-06-06T12:18:18+00:00\",\"dateModified\":\"2024-04-08T09:40:41+00:00\",\"mainEntityOfPage\":{\"@id\":\"https:\/\/www.algaevertical.com\/pt-pt\/participacao-da-proalga-no-4o-flash-webinar-da-apaa\/\"},\"wordCount\":97,\"image\":{\"@id\":\"https:\/\/www.algaevertical.com\/pt-pt\/participacao-da-proalga-no-4o-flash-webinar-da-apaa\/#primaryimage\"},\"thumbnailUrl\":\"https:\/\/www.algaevertical.com\/wp-content\/uploads\/2023\/03\/logo-principal-cor-square-min.png\",\"articleSection\":[\"T\u00edtulos\"],\"inLanguage\":\"pt-PT\"},{\"@type\":\"WebPage\",\"@id\":\"https:\/\/www.algaevertical.com\/pt-pt\/participacao-da-proalga-no-4o-flash-webinar-da-apaa\/\",\"url\":\"https:\/\/www.algaevertical.com\/pt-pt\/participacao-da-proalga-no-4o-flash-webinar-da-apaa\/\",\"name\":\"Participa\u00e7\u00e3o da PROALGA no 4\u00ba Flash Webinar da APAA - Algae Vertical\",\"isPartOf\":{\"@id\":\"https:\/\/www.algaevertical.com\/pt-pt\/#website\"},\"primaryImageOfPage\":{\"@id\":\"https:\/\/www.algaevertical.com\/pt-pt\/participacao-da-proalga-no-4o-flash-webinar-da-apaa\/#primaryimage\"},\"image\":{\"@id\":\"https:\/\/www.algaevertical.com\/pt-pt\/participacao-da-proalga-no-4o-flash-webinar-da-apaa\/#primaryimage\"},\"thumbnailUrl\":\"https:\/\/www.algaevertical.com\/wp-content\/uploads\/2023\/03\/logo-principal-cor-square-min.png\",\"datePublished\":\"2023-06-06T12:18:18+00:00\",\"dateModified\":\"2024-04-08T09:40:41+00:00\",\"author\":{\"@id\":\"https:\/\/www.algaevertical.com\/pt-pt\/#\/schema\/person\/aa0954baa4f1cc7852d347e6dde9d839\"},\"breadcrumb\":{\"@id\":\"https:\/\/www.algaevertical.com\/pt-pt\/participacao-da-proalga-no-4o-flash-webinar-da-apaa\/#breadcrumb\"},\"inLanguage\":\"pt-PT\",\"potentialAction\":[{\"@type\":\"ReadAction\",\"target\":[\"https:\/\/www.algaevertical.com\/pt-pt\/participacao-da-proalga-no-4o-flash-webinar-da-apaa\/\"]}]},{\"@type\":\"ImageObject\",\"inLanguage\":\"pt-PT\",\"@id\":\"https:\/\/www.algaevertical.com\/pt-pt\/participacao-da-proalga-no-4o-flash-webinar-da-apaa\/#primaryimage\",\"url\":\"https:\/\/www.algaevertical.com\/wp-content\/uploads\/2023\/03\/logo-principal-cor-square-min.png\",\"contentUrl\":\"https:\/\/www.algaevertical.com\/wp-content\/uploads\/2023\/03\/logo-principal-cor-square-min.png\",\"width\":1200,\"height\":1200},{\"@type\":\"BreadcrumbList\",\"@id\":\"https:\/\/www.algaevertical.com\/pt-pt\/participacao-da-proalga-no-4o-flash-webinar-da-apaa\/#breadcrumb\",\"itemListElement\":[{\"@type\":\"ListItem\",\"position\":1,\"name\":\"In\u00edcio\",\"item\":\"https:\/\/www.algaevertical.com\/\"},{\"@type\":\"ListItem\",\"position\":2,\"name\":\"Participa\u00e7\u00e3o da PROALGA no 4\u00ba Flash Webinar da APAA\"}]},{\"@type\":\"WebSite\",\"@id\":\"https:\/\/www.algaevertical.com\/pt-pt\/#website\",\"url\":\"https:\/\/www.algaevertical.com\/pt-pt\/\",\"name\":\"Algae Vertical\",\"description\":\"Projecto AlgaeVertical\",\"potentialAction\":[{\"@type\":\"SearchAction\",\"target\":{\"@type\":\"EntryPoint\",\"urlTemplate\":\"https:\/\/www.algaevertical.com\/pt-pt\/?s={search_term_string}\"},\"query-input\":{\"@type\":\"PropertyValueSpecification\",\"valueRequired\":true,\"valueName\":\"search_term_string\"}}],\"inLanguage\":\"pt-PT\"},{\"@type\":\"Person\",\"@id\":\"https:\/\/www.algaevertical.com\/pt-pt\/#\/schema\/person\/aa0954baa4f1cc7852d347e6dde9d839\",\"name\":\"growme\",\"image\":{\"@type\":\"ImageObject\",\"inLanguage\":\"pt-PT\",\"@id\":\"https:\/\/secure.gravatar.com\/avatar\/4d06ef453e73cf5edddcbb6bf454d99bfa7bf71e9b247f61a2aa7ff6e52f4f5a?s=96&d=mm&r=g\",\"url\":\"https:\/\/secure.gravatar.com\/avatar\/4d06ef453e73cf5edddcbb6bf454d99bfa7bf71e9b247f61a2aa7ff6e52f4f5a?s=96&d=mm&r=g\",\"contentUrl\":\"https:\/\/secure.gravatar.com\/avatar\/4d06ef453e73cf5edddcbb6bf454d99bfa7bf71e9b247f61a2aa7ff6e52f4f5a?s=96&d=mm&r=g\",\"caption\":\"growme\"},\"sameAs\":[\"https:\/\/www.algaevertical.com\"],\"url\":\"https:\/\/www.algaevertical.com\/pt-pt\/author\/growme\/\"}]}<\/script>\n<!-- \/ Yoast SEO plugin. -->","yoast_head_json":{"title":"Participa\u00e7\u00e3o da PROALGA no 4\u00ba Flash Webinar da APAA - Algae Vertical","robots":{"index":"index","follow":"follow","max-snippet":"max-snippet:-1","max-image-preview":"max-image-preview:large","max-video-preview":"max-video-preview:-1"},"canonical":"https:\/\/www.algaevertical.com\/pt-pt\/participacao-da-proalga-no-4o-flash-webinar-da-apaa\/","og_locale":"pt_PT","og_type":"article","og_title":"Participa\u00e7\u00e3o da PROALGA no 4\u00ba Flash Webinar da APAA - Algae Vertical","og_description":"Margarida Eust\u00e1quio, Gestora de Projecto da PROALGA, esteve presente num webinar organizado pela Associa\u00e7\u00e3o Portuguesa de Algologia Aplicada (APAA) no dia 6 de julho. Neste evento online, a Margarida deu a conhecer a PROALGA, enquanto associa\u00e7\u00e3o que atua como representante dos produtores de algas, com o prop\u00f3sito de salvaguardar os interesses do sector das algas, [&hellip;]","og_url":"https:\/\/www.algaevertical.com\/pt-pt\/participacao-da-proalga-no-4o-flash-webinar-da-apaa\/","og_site_name":"Algae Vertical","article_published_time":"2023-06-06T12:18:18+00:00","article_modified_time":"2024-04-08T09:40:41+00:00","og_image":[{"width":1200,"height":1200,"url":"https:\/\/www.algaevertical.com\/wp-content\/uploads\/2023\/03\/logo-principal-cor-square-min.png","type":"image\/png"}],"author":"growme","twitter_card":"summary_large_image","twitter_misc":{"Escrito por":"growme"},"schema":{"@context":"https:\/\/schema.org","@graph":[{"@type":"Article","@id":"https:\/\/www.algaevertical.com\/pt-pt\/participacao-da-proalga-no-4o-flash-webinar-da-apaa\/#article","isPartOf":{"@id":"https:\/\/www.algaevertical.com\/pt-pt\/participacao-da-proalga-no-4o-flash-webinar-da-apaa\/"},"author":{"name":"growme","@id":"https:\/\/www.algaevertical.com\/pt-pt\/#\/schema\/person\/aa0954baa4f1cc7852d347e6dde9d839"},"headline":"Participa\u00e7\u00e3o da PROALGA no 4\u00ba Flash Webinar da APAA","datePublished":"2023-06-06T12:18:18+00:00","dateModified":"2024-04-08T09:40:41+00:00","mainEntityOfPage":{"@id":"https:\/\/www.algaevertical.com\/pt-pt\/participacao-da-proalga-no-4o-flash-webinar-da-apaa\/"},"wordCount":97,"image":{"@id":"https:\/\/www.algaevertical.com\/pt-pt\/participacao-da-proalga-no-4o-flash-webinar-da-apaa\/#primaryimage"},"thumbnailUrl":"https:\/\/www.algaevertical.com\/wp-content\/uploads\/2023\/03\/logo-principal-cor-square-min.png","articleSection":["T\u00edtulos"],"inLanguage":"pt-PT"},{"@type":"WebPage","@id":"https:\/\/www.algaevertical.com\/pt-pt\/participacao-da-proalga-no-4o-flash-webinar-da-apaa\/","url":"https:\/\/www.algaevertical.com\/pt-pt\/participacao-da-proalga-no-4o-flash-webinar-da-apaa\/","name":"Participa\u00e7\u00e3o da PROALGA no 4\u00ba Flash Webinar da APAA - Algae Vertical","isPartOf":{"@id":"https:\/\/www.algaevertical.com\/pt-pt\/#website"},"primaryImageOfPage":{"@id":"https:\/\/www.algaevertical.com\/pt-pt\/participacao-da-proalga-no-4o-flash-webinar-da-apaa\/#primaryimage"},"image":{"@id":"https:\/\/www.algaevertical.com\/pt-pt\/participacao-da-proalga-no-4o-flash-webinar-da-apaa\/#primaryimage"},"thumbnailUrl":"https:\/\/www.algaevertical.com\/wp-content\/uploads\/2023\/03\/logo-principal-cor-square-min.png","datePublished":"2023-06-06T12:18:18+00:00","dateModified":"2024-04-08T09:40:41+00:00","author":{"@id":"https:\/\/www.algaevertical.com\/pt-pt\/#\/schema\/person\/aa0954baa4f1cc7852d347e6dde9d839"},"breadcrumb":{"@id":"https:\/\/www.algaevertical.com\/pt-pt\/participacao-da-proalga-no-4o-flash-webinar-da-apaa\/#breadcrumb"},"inLanguage":"pt-PT","potentialAction":[{"@type":"ReadAction","target":["https:\/\/www.algaevertical.com\/pt-pt\/participacao-da-proalga-no-4o-flash-webinar-da-apaa\/"]}]},{"@type":"ImageObject","inLanguage":"pt-PT","@id":"https:\/\/www.algaevertical.com\/pt-pt\/participacao-da-proalga-no-4o-flash-webinar-da-apaa\/#primaryimage","url":"https:\/\/www.algaevertical.com\/wp-content\/uploads\/2023\/03\/logo-principal-cor-square-min.png","contentUrl":"https:\/\/www.algaevertical.com\/wp-content\/uploads\/2023\/03\/logo-principal-cor-square-min.png","width":1200,"height":1200},{"@type":"BreadcrumbList","@id":"https:\/\/www.algaevertical.com\/pt-pt\/participacao-da-proalga-no-4o-flash-webinar-da-apaa\/#breadcrumb","itemListElement":[{"@type":"ListItem","position":1,"name":"In\u00edcio","item":"https:\/\/www.algaevertical.com\/"},{"@type":"ListItem","position":2,"name":"Participa\u00e7\u00e3o da PROALGA no 4\u00ba Flash Webinar da APAA"}]},{"@type":"WebSite","@id":"https:\/\/www.algaevertical.com\/pt-pt\/#website","url":"https:\/\/www.algaevertical.com\/pt-pt\/","name":"Algae Vertical","description":"Projecto AlgaeVertical","potentialAction":[{"@type":"SearchAction","target":{"@type":"EntryPoint","urlTemplate":"https:\/\/www.algaevertical.com\/pt-pt\/?s={search_term_string}"},"query-input":{"@type":"PropertyValueSpecification","valueRequired":true,"valueName":"search_term_string"}}],"inLanguage":"pt-PT"},{"@type":"Person","@id":"https:\/\/www.algaevertical.com\/pt-pt\/#\/schema\/person\/aa0954baa4f1cc7852d347e6dde9d839","name":"growme","image":{"@type":"ImageObject","inLanguage":"pt-PT","@id":"https:\/\/secure.gravatar.com\/avatar\/4d06ef453e73cf5edddcbb6bf454d99bfa7bf71e9b247f61a2aa7ff6e52f4f5a?s=96&d=mm&r=g","url":"https:\/\/secure.gravatar.com\/avatar\/4d06ef453e73cf5edddcbb6bf454d99bfa7bf71e9b247f61a2aa7ff6e52f4f5a?s=96&d=mm&r=g","contentUrl":"https:\/\/secure.gravatar.com\/avatar\/4d06ef453e73cf5edddcbb6bf454d99bfa7bf71e9b247f61a2aa7ff6e52f4f5a?s=96&d=mm&r=g","caption":"growme"},"sameAs":["https:\/\/www.algaevertical.com"],"url":"https:\/\/www.algaevertical.com\/pt-pt\/author\/growme\/"}]}},"_links":{"self":[{"href":"https:\/\/www.algaevertical.com\/pt-pt\/wp-json\/wp\/v2\/posts\/6610","targetHints":{"allow":["GET"]}}],"collection":[{"href":"https:\/\/www.algaevertical.com\/pt-pt\/wp-json\/wp\/v2\/posts"}],"about":[{"href":"https:\/\/www.algaevertical.com\/pt-pt\/wp-json\/wp\/v2\/types\/post"}],"author":[{"embeddable":true,"href":"https:\/\/www.algaevertical.com\/pt-pt\/wp-json\/wp\/v2\/users\/1"}],"replies":[{"embeddable":true,"href":"https:\/\/www.algaevertical.com\/pt-pt\/wp-json\/wp\/v2\/comments?post=6610"}],"version-history":[{"count":5,"href":"https:\/\/www.algaevertical.com\/pt-pt\/wp-json\/wp\/v2\/posts\/6610\/revisions"}],"predecessor-version":[{"id":6621,"href":"https:\/\/www.algaevertical.com\/pt-pt\/wp-json\/wp\/v2\/posts\/6610\/revisions\/6621"}],"wp:featuredmedia":[{"embeddable":true,"href":"https:\/\/www.algaevertical.com\/pt-pt\/wp-json\/wp\/v2\/media\/6056"}],"wp:attachment":[{"href":"https:\/\/www.algaevertical.com\/pt-pt\/wp-json\/wp\/v2\/media?parent=6610"}],"wp:term":[{"taxonomy":"category","embeddable":true,"href":"https:\/\/www.algaevertical.com\/pt-pt\/wp-json\/wp\/v2\/categories?post=6610"},{"taxonomy":"post_tag","embeddable":true,"href":"https:\/\/www.algaevertical.com\/pt-pt\/wp-json\/wp\/v2\/tags?post=6610"}],"curies":[{"name":"wp","href":"https:\/\/api.w.org\/{rel}","templated":true}]}}