{"id":6622,"date":"2023-09-11T12:27:55","date_gmt":"2023-09-11T12:27:55","guid":{"rendered":"https:\/\/www.algaevertical.com\/ciimar-na-21a-conferencia-internacional-sobre-doencas-de-peixes-e-mariscos\/"},"modified":"2024-04-08T09:41:33","modified_gmt":"2024-04-08T09:41:33","slug":"ciimar-na-21a-conferencia-internacional-sobre-doencas-de-peixes-e-mariscos","status":"publish","type":"post","link":"https:\/\/www.algaevertical.com\/pt-pt\/ciimar-na-21a-conferencia-internacional-sobre-doencas-de-peixes-e-mariscos\/","title":{"rendered":"CIIMAR na 21\u00aa Confer\u00eancia Internacional sobre Doen\u00e7as de Peixes e Mariscos"},"content":{"rendered":"\t\t<div data-elementor-type=\"wp-post\" data-elementor-id=\"6622\" class=\"elementor elementor-6622 elementor-5859\" data-elementor-post-type=\"post\">\n\t\t\t\t\t\t<section class=\"elementor-section elementor-top-section elementor-element elementor-element-d22d4d0 elementor-section-boxed elementor-section-height-default elementor-section-height-default\" data-id=\"d22d4d0\" data-element_type=\"section\" data-e-type=\"section\">\n\t\t\t\t\t\t<div class=\"elementor-container elementor-column-gap-no\">\n\t\t\t\t\t<div class=\"elementor-column elementor-col-100 elementor-top-column elementor-element elementor-element-3532590\" data-id=\"3532590\" data-element_type=\"column\" data-e-type=\"column\">\n\t\t\t<div class=\"elementor-widget-wrap elementor-element-populated\">\n\t\t\t\t\t\t<div class=\"elementor-element elementor-element-89f055e elementor-widget elementor-widget-text-editor\" data-id=\"89f055e\" data-element_type=\"widget\" data-e-type=\"widget\" data-widget_type=\"text-editor.default\">\n\t\t\t\t<div class=\"elementor-widget-container\">\n\t\t\t\t\t\t\t\t\tO CIIMAR participou na 21\u00aa Confer\u00eancia Internacional sobre Doen\u00e7as de Peixes e Mariscos, realizada em Aberdeen, na Esc\u00f3cia, para apresentar dois posters com resultados obtidos no \u00e2mbito do Subprojeto 5 da Algae Vertical, na \u00e1rea da imunologia e sa\u00fade dos peixes.\n\n\t\t\t\t\t\t\t\t<\/div>\n\t\t\t\t<\/div>\n\t\t\t\t<div class=\"elementor-element elementor-element-2dda92f elementor-widget__width-initial elementor-arrows-position-inside elementor-pagination-position-outside elementor-widget elementor-widget-image-carousel\" data-id=\"2dda92f\" data-element_type=\"widget\" data-e-type=\"widget\" data-settings=\"{&quot;slides_to_show&quot;:&quot;2&quot;,&quot;slides_to_show_tablet&quot;:&quot;1&quot;,&quot;slides_to_show_mobile&quot;:&quot;1&quot;,&quot;slides_to_scroll&quot;:&quot;1&quot;,&quot;navigation&quot;:&quot;both&quot;,&quot;autoplay&quot;:&quot;yes&quot;,&quot;pause_on_hover&quot;:&quot;yes&quot;,&quot;pause_on_interaction&quot;:&quot;yes&quot;,&quot;autoplay_speed&quot;:5000,&quot;infinite&quot;:&quot;yes&quot;,&quot;speed&quot;:500,&quot;image_spacing_custom&quot;:{&quot;unit&quot;:&quot;px&quot;,&quot;size&quot;:20,&quot;sizes&quot;:[]}}\" data-widget_type=\"image-carousel.default\">\n\t\t\t\t<div class=\"elementor-widget-container\">\n\t\t\t\t\t\t\t<div class=\"elementor-image-carousel-wrapper swiper\" role=\"region\" aria-roledescription=\"carousel\" aria-label=\"Carrossel de imagens\" dir=\"ltr\">\n\t\t\t<div class=\"elementor-image-carousel swiper-wrapper swiper-image-stretch\" aria-live=\"off\">\n\t\t\t\t\t\t\t\t<div class=\"swiper-slide\" role=\"group\" aria-roledescription=\"slide\" aria-label=\"1 of 2\"><a data-elementor-open-lightbox=\"yes\" data-elementor-lightbox-slideshow=\"2dda92f\" data-elementor-lightbox-title=\"Not\u00edcia#7-min\" data-e-action-hash=\"#elementor-action%3Aaction%3Dlightbox%26settings%3DeyJpZCI6NTk2MiwidXJsIjoiaHR0cHM6XC9cL3d3dy5hbGdhZXZlcnRpY2FsLmNvbVwvd3AtY29udGVudFwvdXBsb2Fkc1wvMjAyM1wvMTFcL05vdGljaWE3LW1pbi5qcGVnIiwic2xpZGVzaG93IjoiMmRkYTkyZiJ9\" href=\"https:\/\/www.algaevertical.com\/wp-content\/uploads\/2023\/11\/Noticia7-min.jpeg\"><figure class=\"swiper-slide-inner\"><img decoding=\"async\" class=\"swiper-slide-image\" src=\"https:\/\/www.algaevertical.com\/wp-content\/uploads\/elementor\/thumbs\/Noticia7-min-qfgmgy2245ywrwry0e3ofc4bazfgp4f9wohhqh116o.jpeg\" alt=\"Not\u00edcia#7-min\" \/><\/figure><\/a><\/div><div class=\"swiper-slide\" role=\"group\" aria-roledescription=\"slide\" aria-label=\"2 of 2\"><a data-elementor-open-lightbox=\"yes\" data-elementor-lightbox-slideshow=\"2dda92f\" data-elementor-lightbox-title=\"Not\u00edcia#7 (2)-min\" data-e-action-hash=\"#elementor-action%3Aaction%3Dlightbox%26settings%3DeyJpZCI6NTk2MCwidXJsIjoiaHR0cHM6XC9cL3d3dy5hbGdhZXZlcnRpY2FsLmNvbVwvd3AtY29udGVudFwvdXBsb2Fkc1wvMjAyM1wvMTFcL05vdGljaWE3LTItbWluLmpwZWciLCJzbGlkZXNob3ciOiIyZGRhOTJmIn0%3D\" href=\"https:\/\/www.algaevertical.com\/wp-content\/uploads\/2023\/11\/Noticia7-2-min.jpeg\"><figure class=\"swiper-slide-inner\"><img decoding=\"async\" class=\"swiper-slide-image\" src=\"https:\/\/www.algaevertical.com\/wp-content\/uploads\/elementor\/thumbs\/Noticia7-2-min-qfgmgw6dqhwc4ouobdafacle47oq9q7t8f6irx3tj4.jpeg\" alt=\"Not\u00edcia#7 (2)-min\" \/><\/figure><\/a><\/div>\t\t\t<\/div>\n\t\t\t\t\t\t\t\t\t\t\t\t<div class=\"elementor-swiper-button elementor-swiper-button-prev\" role=\"button\" tabindex=\"0\">\n\t\t\t\t\t\t<i aria-hidden=\"true\" class=\"eicon-chevron-left\"><\/i>\t\t\t\t\t<\/div>\n\t\t\t\t\t<div class=\"elementor-swiper-button elementor-swiper-button-next\" role=\"button\" tabindex=\"0\">\n\t\t\t\t\t\t<i aria-hidden=\"true\" class=\"eicon-chevron-right\"><\/i>\t\t\t\t\t<\/div>\n\t\t\t\t\n\t\t\t\t\t\t\t\t\t<div class=\"swiper-pagination\"><\/div>\n\t\t\t\t\t\t\t\t\t<\/div>\n\t\t\t\t\t\t<\/div>\n\t\t\t\t<\/div>\n\t\t\t\t\t<\/div>\n\t\t<\/div>\n\t\t\t\t\t<\/div>\n\t\t<\/section>\n\t\t\t\t<\/div>\n\t\t","protected":false},"excerpt":{"rendered":"<p>O CIIMAR participou na 21\u00aa Confer\u00eancia Internacional sobre Doen\u00e7as de Peixes e Mariscos, realizada em Aberdeen, na Esc\u00f3cia, para apresentar dois posters com resultados obtidos no \u00e2mbito do Subprojeto 5 da Algae Vertical, na \u00e1rea da imunologia e sa\u00fade dos peixes.<\/p>\n","protected":false},"author":1,"featured_media":6167,"comment_status":"closed","ping_status":"closed","sticky":false,"template":"elementor_header_footer","format":"standard","meta":{"_acf_changed":false,"footnotes":""},"categories":[80],"tags":[],"class_list":["post-6622","post","type-post","status-publish","format-standard","has-post-thumbnail","hentry","category-titulos"],"acf":[],"yoast_head":"<!-- This site is optimized with the Yoast SEO plugin v27.2 - https:\/\/yoast.com\/product\/yoast-seo-wordpress\/ -->\n<title>CIIMAR na 21\u00aa Confer\u00eancia Internacional sobre Doen\u00e7as de Peixes e Mariscos - Algae Vertical<\/title>\n<meta name=\"robots\" content=\"index, follow, max-snippet:-1, max-image-preview:large, max-video-preview:-1\" \/>\n<link rel=\"canonical\" href=\"https:\/\/www.algaevertical.com\/pt-pt\/ciimar-na-21a-conferencia-internacional-sobre-doencas-de-peixes-e-mariscos\/\" \/>\n<meta property=\"og:locale\" content=\"pt_PT\" \/>\n<meta property=\"og:type\" content=\"article\" \/>\n<meta property=\"og:title\" content=\"CIIMAR na 21\u00aa Confer\u00eancia Internacional sobre Doen\u00e7as de Peixes e Mariscos - Algae Vertical\" \/>\n<meta property=\"og:description\" content=\"O CIIMAR participou na 21\u00aa Confer\u00eancia Internacional sobre Doen\u00e7as de Peixes e Mariscos, realizada em Aberdeen, na Esc\u00f3cia, para apresentar dois posters com resultados obtidos no \u00e2mbito do Subprojeto 5 da Algae Vertical, na \u00e1rea da imunologia e sa\u00fade dos peixes.\" \/>\n<meta property=\"og:url\" content=\"https:\/\/www.algaevertical.com\/pt-pt\/ciimar-na-21a-conferencia-internacional-sobre-doencas-de-peixes-e-mariscos\/\" \/>\n<meta property=\"og:site_name\" content=\"Algae Vertical\" \/>\n<meta property=\"article:published_time\" content=\"2023-09-11T12:27:55+00:00\" \/>\n<meta property=\"article:modified_time\" content=\"2024-04-08T09:41:33+00:00\" \/>\n<meta property=\"og:image\" content=\"https:\/\/www.algaevertical.com\/wp-content\/uploads\/2023\/09\/Noticia7-min.jpeg\" \/>\n\t<meta property=\"og:image:width\" content=\"1200\" \/>\n\t<meta property=\"og:image:height\" content=\"1200\" \/>\n\t<meta property=\"og:image:type\" content=\"image\/jpeg\" \/>\n<meta name=\"author\" content=\"growme\" \/>\n<meta name=\"twitter:card\" content=\"summary_large_image\" \/>\n<meta name=\"twitter:label1\" content=\"Escrito por\" \/>\n\t<meta name=\"twitter:data1\" content=\"growme\" \/>\n<script type=\"application\/ld+json\" class=\"yoast-schema-graph\">{\"@context\":\"https:\/\/schema.org\",\"@graph\":[{\"@type\":\"Article\",\"@id\":\"https:\/\/www.algaevertical.com\/pt-pt\/ciimar-na-21a-conferencia-internacional-sobre-doencas-de-peixes-e-mariscos\/#article\",\"isPartOf\":{\"@id\":\"https:\/\/www.algaevertical.com\/pt-pt\/ciimar-na-21a-conferencia-internacional-sobre-doencas-de-peixes-e-mariscos\/\"},\"author\":{\"name\":\"growme\",\"@id\":\"https:\/\/www.algaevertical.com\/pt-pt\/#\/schema\/person\/aa0954baa4f1cc7852d347e6dde9d839\"},\"headline\":\"CIIMAR na 21\u00aa Confer\u00eancia Internacional sobre Doen\u00e7as de Peixes e Mariscos\",\"datePublished\":\"2023-09-11T12:27:55+00:00\",\"dateModified\":\"2024-04-08T09:41:33+00:00\",\"mainEntityOfPage\":{\"@id\":\"https:\/\/www.algaevertical.com\/pt-pt\/ciimar-na-21a-conferencia-internacional-sobre-doencas-de-peixes-e-mariscos\/\"},\"wordCount\":55,\"image\":{\"@id\":\"https:\/\/www.algaevertical.com\/pt-pt\/ciimar-na-21a-conferencia-internacional-sobre-doencas-de-peixes-e-mariscos\/#primaryimage\"},\"thumbnailUrl\":\"https:\/\/www.algaevertical.com\/wp-content\/uploads\/2023\/09\/Noticia7-min.jpeg\",\"articleSection\":[\"T\u00edtulos\"],\"inLanguage\":\"pt-PT\"},{\"@type\":\"WebPage\",\"@id\":\"https:\/\/www.algaevertical.com\/pt-pt\/ciimar-na-21a-conferencia-internacional-sobre-doencas-de-peixes-e-mariscos\/\",\"url\":\"https:\/\/www.algaevertical.com\/pt-pt\/ciimar-na-21a-conferencia-internacional-sobre-doencas-de-peixes-e-mariscos\/\",\"name\":\"CIIMAR na 21\u00aa Confer\u00eancia Internacional sobre Doen\u00e7as de Peixes e Mariscos - Algae Vertical\",\"isPartOf\":{\"@id\":\"https:\/\/www.algaevertical.com\/pt-pt\/#website\"},\"primaryImageOfPage\":{\"@id\":\"https:\/\/www.algaevertical.com\/pt-pt\/ciimar-na-21a-conferencia-internacional-sobre-doencas-de-peixes-e-mariscos\/#primaryimage\"},\"image\":{\"@id\":\"https:\/\/www.algaevertical.com\/pt-pt\/ciimar-na-21a-conferencia-internacional-sobre-doencas-de-peixes-e-mariscos\/#primaryimage\"},\"thumbnailUrl\":\"https:\/\/www.algaevertical.com\/wp-content\/uploads\/2023\/09\/Noticia7-min.jpeg\",\"datePublished\":\"2023-09-11T12:27:55+00:00\",\"dateModified\":\"2024-04-08T09:41:33+00:00\",\"author\":{\"@id\":\"https:\/\/www.algaevertical.com\/pt-pt\/#\/schema\/person\/aa0954baa4f1cc7852d347e6dde9d839\"},\"breadcrumb\":{\"@id\":\"https:\/\/www.algaevertical.com\/pt-pt\/ciimar-na-21a-conferencia-internacional-sobre-doencas-de-peixes-e-mariscos\/#breadcrumb\"},\"inLanguage\":\"pt-PT\",\"potentialAction\":[{\"@type\":\"ReadAction\",\"target\":[\"https:\/\/www.algaevertical.com\/pt-pt\/ciimar-na-21a-conferencia-internacional-sobre-doencas-de-peixes-e-mariscos\/\"]}]},{\"@type\":\"ImageObject\",\"inLanguage\":\"pt-PT\",\"@id\":\"https:\/\/www.algaevertical.com\/pt-pt\/ciimar-na-21a-conferencia-internacional-sobre-doencas-de-peixes-e-mariscos\/#primaryimage\",\"url\":\"https:\/\/www.algaevertical.com\/wp-content\/uploads\/2023\/09\/Noticia7-min.jpeg\",\"contentUrl\":\"https:\/\/www.algaevertical.com\/wp-content\/uploads\/2023\/09\/Noticia7-min.jpeg\",\"width\":1200,\"height\":1200},{\"@type\":\"BreadcrumbList\",\"@id\":\"https:\/\/www.algaevertical.com\/pt-pt\/ciimar-na-21a-conferencia-internacional-sobre-doencas-de-peixes-e-mariscos\/#breadcrumb\",\"itemListElement\":[{\"@type\":\"ListItem\",\"position\":1,\"name\":\"In\u00edcio\",\"item\":\"https:\/\/www.algaevertical.com\/\"},{\"@type\":\"ListItem\",\"position\":2,\"name\":\"CIIMAR na 21\u00aa Confer\u00eancia Internacional sobre Doen\u00e7as de Peixes e Mariscos\"}]},{\"@type\":\"WebSite\",\"@id\":\"https:\/\/www.algaevertical.com\/pt-pt\/#website\",\"url\":\"https:\/\/www.algaevertical.com\/pt-pt\/\",\"name\":\"Algae Vertical\",\"description\":\"Projecto AlgaeVertical\",\"potentialAction\":[{\"@type\":\"SearchAction\",\"target\":{\"@type\":\"EntryPoint\",\"urlTemplate\":\"https:\/\/www.algaevertical.com\/pt-pt\/?s={search_term_string}\"},\"query-input\":{\"@type\":\"PropertyValueSpecification\",\"valueRequired\":true,\"valueName\":\"search_term_string\"}}],\"inLanguage\":\"pt-PT\"},{\"@type\":\"Person\",\"@id\":\"https:\/\/www.algaevertical.com\/pt-pt\/#\/schema\/person\/aa0954baa4f1cc7852d347e6dde9d839\",\"name\":\"growme\",\"image\":{\"@type\":\"ImageObject\",\"inLanguage\":\"pt-PT\",\"@id\":\"https:\/\/secure.gravatar.com\/avatar\/4d06ef453e73cf5edddcbb6bf454d99bfa7bf71e9b247f61a2aa7ff6e52f4f5a?s=96&d=mm&r=g\",\"url\":\"https:\/\/secure.gravatar.com\/avatar\/4d06ef453e73cf5edddcbb6bf454d99bfa7bf71e9b247f61a2aa7ff6e52f4f5a?s=96&d=mm&r=g\",\"contentUrl\":\"https:\/\/secure.gravatar.com\/avatar\/4d06ef453e73cf5edddcbb6bf454d99bfa7bf71e9b247f61a2aa7ff6e52f4f5a?s=96&d=mm&r=g\",\"caption\":\"growme\"},\"sameAs\":[\"https:\/\/www.algaevertical.com\"],\"url\":\"https:\/\/www.algaevertical.com\/pt-pt\/author\/growme\/\"}]}<\/script>\n<!-- \/ Yoast SEO plugin. -->","yoast_head_json":{"title":"CIIMAR na 21\u00aa Confer\u00eancia Internacional sobre Doen\u00e7as de Peixes e Mariscos - Algae Vertical","robots":{"index":"index","follow":"follow","max-snippet":"max-snippet:-1","max-image-preview":"max-image-preview:large","max-video-preview":"max-video-preview:-1"},"canonical":"https:\/\/www.algaevertical.com\/pt-pt\/ciimar-na-21a-conferencia-internacional-sobre-doencas-de-peixes-e-mariscos\/","og_locale":"pt_PT","og_type":"article","og_title":"CIIMAR na 21\u00aa Confer\u00eancia Internacional sobre Doen\u00e7as de Peixes e Mariscos - Algae Vertical","og_description":"O CIIMAR participou na 21\u00aa Confer\u00eancia Internacional sobre Doen\u00e7as de Peixes e Mariscos, realizada em Aberdeen, na Esc\u00f3cia, para apresentar dois posters com resultados obtidos no \u00e2mbito do Subprojeto 5 da Algae Vertical, na \u00e1rea da imunologia e sa\u00fade dos peixes.","og_url":"https:\/\/www.algaevertical.com\/pt-pt\/ciimar-na-21a-conferencia-internacional-sobre-doencas-de-peixes-e-mariscos\/","og_site_name":"Algae Vertical","article_published_time":"2023-09-11T12:27:55+00:00","article_modified_time":"2024-04-08T09:41:33+00:00","og_image":[{"width":1200,"height":1200,"url":"https:\/\/www.algaevertical.com\/wp-content\/uploads\/2023\/09\/Noticia7-min.jpeg","type":"image\/jpeg"}],"author":"growme","twitter_card":"summary_large_image","twitter_misc":{"Escrito por":"growme"},"schema":{"@context":"https:\/\/schema.org","@graph":[{"@type":"Article","@id":"https:\/\/www.algaevertical.com\/pt-pt\/ciimar-na-21a-conferencia-internacional-sobre-doencas-de-peixes-e-mariscos\/#article","isPartOf":{"@id":"https:\/\/www.algaevertical.com\/pt-pt\/ciimar-na-21a-conferencia-internacional-sobre-doencas-de-peixes-e-mariscos\/"},"author":{"name":"growme","@id":"https:\/\/www.algaevertical.com\/pt-pt\/#\/schema\/person\/aa0954baa4f1cc7852d347e6dde9d839"},"headline":"CIIMAR na 21\u00aa Confer\u00eancia Internacional sobre Doen\u00e7as de Peixes e Mariscos","datePublished":"2023-09-11T12:27:55+00:00","dateModified":"2024-04-08T09:41:33+00:00","mainEntityOfPage":{"@id":"https:\/\/www.algaevertical.com\/pt-pt\/ciimar-na-21a-conferencia-internacional-sobre-doencas-de-peixes-e-mariscos\/"},"wordCount":55,"image":{"@id":"https:\/\/www.algaevertical.com\/pt-pt\/ciimar-na-21a-conferencia-internacional-sobre-doencas-de-peixes-e-mariscos\/#primaryimage"},"thumbnailUrl":"https:\/\/www.algaevertical.com\/wp-content\/uploads\/2023\/09\/Noticia7-min.jpeg","articleSection":["T\u00edtulos"],"inLanguage":"pt-PT"},{"@type":"WebPage","@id":"https:\/\/www.algaevertical.com\/pt-pt\/ciimar-na-21a-conferencia-internacional-sobre-doencas-de-peixes-e-mariscos\/","url":"https:\/\/www.algaevertical.com\/pt-pt\/ciimar-na-21a-conferencia-internacional-sobre-doencas-de-peixes-e-mariscos\/","name":"CIIMAR na 21\u00aa Confer\u00eancia Internacional sobre Doen\u00e7as de Peixes e Mariscos - Algae Vertical","isPartOf":{"@id":"https:\/\/www.algaevertical.com\/pt-pt\/#website"},"primaryImageOfPage":{"@id":"https:\/\/www.algaevertical.com\/pt-pt\/ciimar-na-21a-conferencia-internacional-sobre-doencas-de-peixes-e-mariscos\/#primaryimage"},"image":{"@id":"https:\/\/www.algaevertical.com\/pt-pt\/ciimar-na-21a-conferencia-internacional-sobre-doencas-de-peixes-e-mariscos\/#primaryimage"},"thumbnailUrl":"https:\/\/www.algaevertical.com\/wp-content\/uploads\/2023\/09\/Noticia7-min.jpeg","datePublished":"2023-09-11T12:27:55+00:00","dateModified":"2024-04-08T09:41:33+00:00","author":{"@id":"https:\/\/www.algaevertical.com\/pt-pt\/#\/schema\/person\/aa0954baa4f1cc7852d347e6dde9d839"},"breadcrumb":{"@id":"https:\/\/www.algaevertical.com\/pt-pt\/ciimar-na-21a-conferencia-internacional-sobre-doencas-de-peixes-e-mariscos\/#breadcrumb"},"inLanguage":"pt-PT","potentialAction":[{"@type":"ReadAction","target":["https:\/\/www.algaevertical.com\/pt-pt\/ciimar-na-21a-conferencia-internacional-sobre-doencas-de-peixes-e-mariscos\/"]}]},{"@type":"ImageObject","inLanguage":"pt-PT","@id":"https:\/\/www.algaevertical.com\/pt-pt\/ciimar-na-21a-conferencia-internacional-sobre-doencas-de-peixes-e-mariscos\/#primaryimage","url":"https:\/\/www.algaevertical.com\/wp-content\/uploads\/2023\/09\/Noticia7-min.jpeg","contentUrl":"https:\/\/www.algaevertical.com\/wp-content\/uploads\/2023\/09\/Noticia7-min.jpeg","width":1200,"height":1200},{"@type":"BreadcrumbList","@id":"https:\/\/www.algaevertical.com\/pt-pt\/ciimar-na-21a-conferencia-internacional-sobre-doencas-de-peixes-e-mariscos\/#breadcrumb","itemListElement":[{"@type":"ListItem","position":1,"name":"In\u00edcio","item":"https:\/\/www.algaevertical.com\/"},{"@type":"ListItem","position":2,"name":"CIIMAR na 21\u00aa Confer\u00eancia Internacional sobre Doen\u00e7as de Peixes e Mariscos"}]},{"@type":"WebSite","@id":"https:\/\/www.algaevertical.com\/pt-pt\/#website","url":"https:\/\/www.algaevertical.com\/pt-pt\/","name":"Algae Vertical","description":"Projecto AlgaeVertical","potentialAction":[{"@type":"SearchAction","target":{"@type":"EntryPoint","urlTemplate":"https:\/\/www.algaevertical.com\/pt-pt\/?s={search_term_string}"},"query-input":{"@type":"PropertyValueSpecification","valueRequired":true,"valueName":"search_term_string"}}],"inLanguage":"pt-PT"},{"@type":"Person","@id":"https:\/\/www.algaevertical.com\/pt-pt\/#\/schema\/person\/aa0954baa4f1cc7852d347e6dde9d839","name":"growme","image":{"@type":"ImageObject","inLanguage":"pt-PT","@id":"https:\/\/secure.gravatar.com\/avatar\/4d06ef453e73cf5edddcbb6bf454d99bfa7bf71e9b247f61a2aa7ff6e52f4f5a?s=96&d=mm&r=g","url":"https:\/\/secure.gravatar.com\/avatar\/4d06ef453e73cf5edddcbb6bf454d99bfa7bf71e9b247f61a2aa7ff6e52f4f5a?s=96&d=mm&r=g","contentUrl":"https:\/\/secure.gravatar.com\/avatar\/4d06ef453e73cf5edddcbb6bf454d99bfa7bf71e9b247f61a2aa7ff6e52f4f5a?s=96&d=mm&r=g","caption":"growme"},"sameAs":["https:\/\/www.algaevertical.com"],"url":"https:\/\/www.algaevertical.com\/pt-pt\/author\/growme\/"}]}},"_links":{"self":[{"href":"https:\/\/www.algaevertical.com\/pt-pt\/wp-json\/wp\/v2\/posts\/6622","targetHints":{"allow":["GET"]}}],"collection":[{"href":"https:\/\/www.algaevertical.com\/pt-pt\/wp-json\/wp\/v2\/posts"}],"about":[{"href":"https:\/\/www.algaevertical.com\/pt-pt\/wp-json\/wp\/v2\/types\/post"}],"author":[{"embeddable":true,"href":"https:\/\/www.algaevertical.com\/pt-pt\/wp-json\/wp\/v2\/users\/1"}],"replies":[{"embeddable":true,"href":"https:\/\/www.algaevertical.com\/pt-pt\/wp-json\/wp\/v2\/comments?post=6622"}],"version-history":[{"count":1,"href":"https:\/\/www.algaevertical.com\/pt-pt\/wp-json\/wp\/v2\/posts\/6622\/revisions"}],"predecessor-version":[{"id":6623,"href":"https:\/\/www.algaevertical.com\/pt-pt\/wp-json\/wp\/v2\/posts\/6622\/revisions\/6623"}],"wp:featuredmedia":[{"embeddable":true,"href":"https:\/\/www.algaevertical.com\/pt-pt\/wp-json\/wp\/v2\/media\/6167"}],"wp:attachment":[{"href":"https:\/\/www.algaevertical.com\/pt-pt\/wp-json\/wp\/v2\/media?parent=6622"}],"wp:term":[{"taxonomy":"category","embeddable":true,"href":"https:\/\/www.algaevertical.com\/pt-pt\/wp-json\/wp\/v2\/categories?post=6622"},{"taxonomy":"post_tag","embeddable":true,"href":"https:\/\/www.algaevertical.com\/pt-pt\/wp-json\/wp\/v2\/tags?post=6622"}],"curies":[{"name":"wp","href":"https:\/\/api.w.org\/{rel}","templated":true}]}}