{"id":6733,"date":"2024-06-05T15:32:05","date_gmt":"2024-06-05T15:32:05","guid":{"rendered":"https:\/\/www.algaevertical.com\/?p=6733"},"modified":"2024-06-14T21:29:29","modified_gmt":"2024-06-14T21:29:29","slug":"algae-vertical-em-destaque-na-revista-voz-do-campo","status":"publish","type":"post","link":"https:\/\/www.algaevertical.com\/pt-pt\/algae-vertical-em-destaque-na-revista-voz-do-campo\/","title":{"rendered":"Algae Vertical Em Destaque Na Revista Voz do Campo"},"content":{"rendered":"\t\t<div data-elementor-type=\"wp-post\" data-elementor-id=\"6733\" class=\"elementor elementor-6733\" data-elementor-post-type=\"post\">\n\t\t\t\t<div class=\"elementor-element elementor-element-7342f50e e-flex e-con-boxed e-con e-parent\" data-id=\"7342f50e\" data-element_type=\"container\" data-e-type=\"container\">\n\t\t\t\t\t<div class=\"e-con-inner\">\n\t\t\t\t<div class=\"elementor-element elementor-element-78def188 elementor-widget elementor-widget-text-editor\" data-id=\"78def188\" data-element_type=\"widget\" data-e-type=\"widget\" data-widget_type=\"text-editor.default\">\n\t\t\t\t<div class=\"elementor-widget-container\">\n\t\t\t\t\t\t\t\t\t<p><b>Parceiros do Algae Vertical Destacados na \u00daltima Edi\u00e7\u00e3o da Revista Voz do Campo<\/b><\/p><p><span style=\"font-weight: 400;\">Na edi\u00e7\u00e3o de junho da revista Voz do Campo, v\u00e1rios parceiros do projeto Algae Vertical foram convidados a contribuir com os seus conhecimentos e experi\u00eancias. Este destaque refor\u00e7a a import\u00e2ncia da colabora\u00e7\u00e3o entre institui\u00e7\u00f5es para a valoriza\u00e7\u00e3o das algas no setor agr\u00edcola, entre outros.<\/span><\/p><p><strong><a href=\"https:\/\/www.greencolab.com\/\" target=\"_blank\" rel=\"noopener\">GreenCoLab<\/a><\/strong><\/p><p><span style=\"font-weight: 400;\">O GreenCoLab, uma associa\u00e7\u00e3o colaborativa focada na investiga\u00e7\u00e3o e valoriza\u00e7\u00e3o de algas, apresentou os seus avan\u00e7os na cria\u00e7\u00e3o de biofertilizantes, bioestimulantes e biopesticidas. Estas solu\u00e7\u00f5es s\u00e3o alternativas promissoras aos agroqu\u00edmicos tradicionais, promovendo uma agricultura mais sustent\u00e1vel e resiliente. <a href=\"https:\/\/www.algaevertical.com\/wp-content\/uploads\/2024\/06\/Revista-Voz-do-Campo_JUNHO_2024-_removed-1.pdf\">Leia aqui.<\/a><\/span><\/p><p><strong><a href=\"https:\/\/proalga.pt\/\" target=\"_blank\" rel=\"noopener\">PROALGA<\/a><\/strong><\/p><p><span style=\"font-weight: 400;\">A PROALGA participou com um artigo intitulado \u201cPortugal est\u00e1 a caminhar para se tornar uma refer\u00eancia global no setor das algas.\u201d O artigo salienta como Portugal se destaca pela inova\u00e7\u00e3o no setor, com empresas pioneiras como Necton, ALGAplus, Allmicroalgae e Iberagar, al\u00e9m dos produtores artesanais de Spirulina. <a href=\"https:\/\/proalga.pt\/wp-content\/uploads\/2024\/06\/Revista-Voz-do-Campo_JUNHO_2024-_removed_removed.pdf\">Leia aqui.<\/a><\/span><\/p><p><strong><a href=\"https:\/\/iplantprotect.pt\/\" target=\"_blank\" rel=\"noopener\">InnovPlantProtect<\/a> &amp; <a href=\"https:\/\/necton.pt\/\" target=\"_blank\" rel=\"noopener\">Necton<\/a><\/strong><\/p><p><span style=\"font-weight: 400;\">O IPP, em coautoria com a Necton, destacou o desenvolvimento de bioprotetores e moduladores da microbiota do solo baseados em algas. Estes produtos visam aumentar a sustentabilidade da produ\u00e7\u00e3o agr\u00edcola, reduzindo o impacto ambiental e melhorando a sa\u00fade do solo e das plantas. <a href=\"https:\/\/media.licdn.com\/dms\/document\/media\/D4D1FAQHNSZ4oX0mxTQ\/feedshare-document-pdf-analyzed\/0\/1718272408145?e=1719446400&amp;v=beta&amp;t=pkWhjKPML0Nmww3hERm9t_x26oyYWmH-gJ945-W2vm0\">Leia aqui.<\/a><\/span><\/p><p><span style=\"font-weight: 400;\">A colabora\u00e7\u00e3o entre estes parceiros demonstra o potencial das algas para transformar diversos setores, desde a agricultura at\u00e9 a alimenta\u00e7\u00e3o e al\u00e9m. Para mais informa\u00e7\u00f5es sobre as contribui\u00e7\u00f5es dos parceiros do Algae Vertical, <a href=\"https:\/\/www.algaevertical.com\/pt-pt\/parceiros\/\" target=\"_blank\" rel=\"noopener\">visite o nosso site<\/a>.<\/span><\/p>\t\t\t\t\t\t\t\t<\/div>\n\t\t\t\t<\/div>\n\t\t\t\t\t<\/div>\n\t\t\t\t<\/div>\n\t\t\t\t<\/div>\n\t\t","protected":false},"excerpt":{"rendered":"<p>Parceiros do Algae Vertical Destacados na \u00daltima Edi\u00e7\u00e3o da Revista Voz do Campo Na edi\u00e7\u00e3o de junho da revista Voz do Campo, v\u00e1rios parceiros do projeto Algae Vertical foram convidados a contribuir com os seus conhecimentos e experi\u00eancias. Este destaque refor\u00e7a a import\u00e2ncia da colabora\u00e7\u00e3o entre institui\u00e7\u00f5es para a valoriza\u00e7\u00e3o das algas no setor agr\u00edcola, [&hellip;]<\/p>\n","protected":false},"author":1,"featured_media":6738,"comment_status":"closed","ping_status":"closed","sticky":false,"template":"","format":"standard","meta":{"_acf_changed":false,"footnotes":""},"categories":[66,1],"tags":[],"class_list":["post-6733","post","type-post","status-publish","format-standard","has-post-thumbnail","hentry","category-headlines","category-uncategorized"],"acf":[],"yoast_head":"<!-- This site is optimized with the Yoast SEO plugin v27.2 - https:\/\/yoast.com\/product\/yoast-seo-wordpress\/ -->\n<title>Algae Vertical Em Destaque Na Revista Voz do Campo - Algae Vertical<\/title>\n<meta name=\"description\" content=\"Na edi\u00e7\u00e3o de junho da Voz do Campo, v\u00e1rios parceiros do projeto Algae Vertical foram convidados a contribuir com os seus conhecimentos e experi\u00eancias.\" \/>\n<meta name=\"robots\" content=\"index, follow, max-snippet:-1, max-image-preview:large, max-video-preview:-1\" \/>\n<link rel=\"canonical\" href=\"https:\/\/www.algaevertical.com\/pt-pt\/algae-vertical-em-destaque-na-revista-voz-do-campo\/\" \/>\n<meta property=\"og:locale\" content=\"pt_PT\" \/>\n<meta property=\"og:type\" content=\"article\" \/>\n<meta property=\"og:title\" content=\"Algae Vertical Em Destaque Na Revista Voz do Campo - Algae Vertical\" \/>\n<meta property=\"og:description\" content=\"Na edi\u00e7\u00e3o de junho da Voz do Campo, v\u00e1rios parceiros do projeto Algae Vertical foram convidados a contribuir com os seus conhecimentos e experi\u00eancias.\" \/>\n<meta property=\"og:url\" content=\"https:\/\/www.algaevertical.com\/pt-pt\/algae-vertical-em-destaque-na-revista-voz-do-campo\/\" \/>\n<meta property=\"og:site_name\" content=\"Algae Vertical\" \/>\n<meta property=\"article:published_time\" content=\"2024-06-05T15:32:05+00:00\" \/>\n<meta property=\"article:modified_time\" content=\"2024-06-14T21:29:29+00:00\" \/>\n<meta property=\"og:image\" content=\"https:\/\/www.algaevertical.com\/wp-content\/uploads\/2024\/06\/Captura-de-Ecra-4.png\" \/>\n\t<meta property=\"og:image:width\" content=\"606\" \/>\n\t<meta property=\"og:image:height\" content=\"855\" \/>\n\t<meta property=\"og:image:type\" content=\"image\/png\" \/>\n<meta name=\"author\" content=\"growme\" \/>\n<meta name=\"twitter:card\" content=\"summary_large_image\" \/>\n<meta name=\"twitter:label1\" content=\"Escrito por\" \/>\n\t<meta name=\"twitter:data1\" content=\"growme\" \/>\n\t<meta name=\"twitter:label2\" content=\"Tempo estimado de leitura\" \/>\n\t<meta name=\"twitter:data2\" content=\"2 minutos\" \/>\n<script type=\"application\/ld+json\" class=\"yoast-schema-graph\">{\"@context\":\"https:\/\/schema.org\",\"@graph\":[{\"@type\":\"Article\",\"@id\":\"https:\/\/www.algaevertical.com\/pt-pt\/algae-vertical-em-destaque-na-revista-voz-do-campo\/#article\",\"isPartOf\":{\"@id\":\"https:\/\/www.algaevertical.com\/pt-pt\/algae-vertical-em-destaque-na-revista-voz-do-campo\/\"},\"author\":{\"name\":\"growme\",\"@id\":\"https:\/\/www.algaevertical.com\/pt-pt\/#\/schema\/person\/aa0954baa4f1cc7852d347e6dde9d839\"},\"headline\":\"Algae Vertical Em Destaque Na Revista Voz do Campo\",\"datePublished\":\"2024-06-05T15:32:05+00:00\",\"dateModified\":\"2024-06-14T21:29:29+00:00\",\"mainEntityOfPage\":{\"@id\":\"https:\/\/www.algaevertical.com\/pt-pt\/algae-vertical-em-destaque-na-revista-voz-do-campo\/\"},\"wordCount\":272,\"image\":{\"@id\":\"https:\/\/www.algaevertical.com\/pt-pt\/algae-vertical-em-destaque-na-revista-voz-do-campo\/#primaryimage\"},\"thumbnailUrl\":\"https:\/\/www.algaevertical.com\/wp-content\/uploads\/2024\/06\/Captura-de-Ecra-4.png\",\"articleSection\":[\"headlines\",\"Uncategorized\"],\"inLanguage\":\"pt-PT\"},{\"@type\":\"WebPage\",\"@id\":\"https:\/\/www.algaevertical.com\/pt-pt\/algae-vertical-em-destaque-na-revista-voz-do-campo\/\",\"url\":\"https:\/\/www.algaevertical.com\/pt-pt\/algae-vertical-em-destaque-na-revista-voz-do-campo\/\",\"name\":\"Algae Vertical Em Destaque Na Revista Voz do Campo - Algae Vertical\",\"isPartOf\":{\"@id\":\"https:\/\/www.algaevertical.com\/pt-pt\/#website\"},\"primaryImageOfPage\":{\"@id\":\"https:\/\/www.algaevertical.com\/pt-pt\/algae-vertical-em-destaque-na-revista-voz-do-campo\/#primaryimage\"},\"image\":{\"@id\":\"https:\/\/www.algaevertical.com\/pt-pt\/algae-vertical-em-destaque-na-revista-voz-do-campo\/#primaryimage\"},\"thumbnailUrl\":\"https:\/\/www.algaevertical.com\/wp-content\/uploads\/2024\/06\/Captura-de-Ecra-4.png\",\"datePublished\":\"2024-06-05T15:32:05+00:00\",\"dateModified\":\"2024-06-14T21:29:29+00:00\",\"author\":{\"@id\":\"https:\/\/www.algaevertical.com\/pt-pt\/#\/schema\/person\/aa0954baa4f1cc7852d347e6dde9d839\"},\"description\":\"Na edi\u00e7\u00e3o de junho da Voz do Campo, v\u00e1rios parceiros do projeto Algae Vertical foram convidados a contribuir com os seus conhecimentos e experi\u00eancias.\",\"breadcrumb\":{\"@id\":\"https:\/\/www.algaevertical.com\/pt-pt\/algae-vertical-em-destaque-na-revista-voz-do-campo\/#breadcrumb\"},\"inLanguage\":\"pt-PT\",\"potentialAction\":[{\"@type\":\"ReadAction\",\"target\":[\"https:\/\/www.algaevertical.com\/pt-pt\/algae-vertical-em-destaque-na-revista-voz-do-campo\/\"]}]},{\"@type\":\"ImageObject\",\"inLanguage\":\"pt-PT\",\"@id\":\"https:\/\/www.algaevertical.com\/pt-pt\/algae-vertical-em-destaque-na-revista-voz-do-campo\/#primaryimage\",\"url\":\"https:\/\/www.algaevertical.com\/wp-content\/uploads\/2024\/06\/Captura-de-Ecra-4.png\",\"contentUrl\":\"https:\/\/www.algaevertical.com\/wp-content\/uploads\/2024\/06\/Captura-de-Ecra-4.png\",\"width\":606,\"height\":855},{\"@type\":\"BreadcrumbList\",\"@id\":\"https:\/\/www.algaevertical.com\/pt-pt\/algae-vertical-em-destaque-na-revista-voz-do-campo\/#breadcrumb\",\"itemListElement\":[{\"@type\":\"ListItem\",\"position\":1,\"name\":\"In\u00edcio\",\"item\":\"https:\/\/www.algaevertical.com\/\"},{\"@type\":\"ListItem\",\"position\":2,\"name\":\"Algae Vertical Em Destaque Na Revista Voz do Campo\"}]},{\"@type\":\"WebSite\",\"@id\":\"https:\/\/www.algaevertical.com\/pt-pt\/#website\",\"url\":\"https:\/\/www.algaevertical.com\/pt-pt\/\",\"name\":\"Algae Vertical\",\"description\":\"Projecto AlgaeVertical\",\"potentialAction\":[{\"@type\":\"SearchAction\",\"target\":{\"@type\":\"EntryPoint\",\"urlTemplate\":\"https:\/\/www.algaevertical.com\/pt-pt\/?s={search_term_string}\"},\"query-input\":{\"@type\":\"PropertyValueSpecification\",\"valueRequired\":true,\"valueName\":\"search_term_string\"}}],\"inLanguage\":\"pt-PT\"},{\"@type\":\"Person\",\"@id\":\"https:\/\/www.algaevertical.com\/pt-pt\/#\/schema\/person\/aa0954baa4f1cc7852d347e6dde9d839\",\"name\":\"growme\",\"image\":{\"@type\":\"ImageObject\",\"inLanguage\":\"pt-PT\",\"@id\":\"https:\/\/secure.gravatar.com\/avatar\/4d06ef453e73cf5edddcbb6bf454d99bfa7bf71e9b247f61a2aa7ff6e52f4f5a?s=96&d=mm&r=g\",\"url\":\"https:\/\/secure.gravatar.com\/avatar\/4d06ef453e73cf5edddcbb6bf454d99bfa7bf71e9b247f61a2aa7ff6e52f4f5a?s=96&d=mm&r=g\",\"contentUrl\":\"https:\/\/secure.gravatar.com\/avatar\/4d06ef453e73cf5edddcbb6bf454d99bfa7bf71e9b247f61a2aa7ff6e52f4f5a?s=96&d=mm&r=g\",\"caption\":\"growme\"},\"sameAs\":[\"https:\/\/www.algaevertical.com\"],\"url\":\"https:\/\/www.algaevertical.com\/pt-pt\/author\/growme\/\"}]}<\/script>\n<!-- \/ Yoast SEO plugin. -->","yoast_head_json":{"title":"Algae Vertical Em Destaque Na Revista Voz do Campo - Algae Vertical","description":"Na edi\u00e7\u00e3o de junho da Voz do Campo, v\u00e1rios parceiros do projeto Algae Vertical foram convidados a contribuir com os seus conhecimentos e experi\u00eancias.","robots":{"index":"index","follow":"follow","max-snippet":"max-snippet:-1","max-image-preview":"max-image-preview:large","max-video-preview":"max-video-preview:-1"},"canonical":"https:\/\/www.algaevertical.com\/pt-pt\/algae-vertical-em-destaque-na-revista-voz-do-campo\/","og_locale":"pt_PT","og_type":"article","og_title":"Algae Vertical Em Destaque Na Revista Voz do Campo - Algae Vertical","og_description":"Na edi\u00e7\u00e3o de junho da Voz do Campo, v\u00e1rios parceiros do projeto Algae Vertical foram convidados a contribuir com os seus conhecimentos e experi\u00eancias.","og_url":"https:\/\/www.algaevertical.com\/pt-pt\/algae-vertical-em-destaque-na-revista-voz-do-campo\/","og_site_name":"Algae Vertical","article_published_time":"2024-06-05T15:32:05+00:00","article_modified_time":"2024-06-14T21:29:29+00:00","og_image":[{"width":606,"height":855,"url":"https:\/\/www.algaevertical.com\/wp-content\/uploads\/2024\/06\/Captura-de-Ecra-4.png","type":"image\/png"}],"author":"growme","twitter_card":"summary_large_image","twitter_misc":{"Escrito por":"growme","Tempo estimado de leitura":"2 minutos"},"schema":{"@context":"https:\/\/schema.org","@graph":[{"@type":"Article","@id":"https:\/\/www.algaevertical.com\/pt-pt\/algae-vertical-em-destaque-na-revista-voz-do-campo\/#article","isPartOf":{"@id":"https:\/\/www.algaevertical.com\/pt-pt\/algae-vertical-em-destaque-na-revista-voz-do-campo\/"},"author":{"name":"growme","@id":"https:\/\/www.algaevertical.com\/pt-pt\/#\/schema\/person\/aa0954baa4f1cc7852d347e6dde9d839"},"headline":"Algae Vertical Em Destaque Na Revista Voz do Campo","datePublished":"2024-06-05T15:32:05+00:00","dateModified":"2024-06-14T21:29:29+00:00","mainEntityOfPage":{"@id":"https:\/\/www.algaevertical.com\/pt-pt\/algae-vertical-em-destaque-na-revista-voz-do-campo\/"},"wordCount":272,"image":{"@id":"https:\/\/www.algaevertical.com\/pt-pt\/algae-vertical-em-destaque-na-revista-voz-do-campo\/#primaryimage"},"thumbnailUrl":"https:\/\/www.algaevertical.com\/wp-content\/uploads\/2024\/06\/Captura-de-Ecra-4.png","articleSection":["headlines","Uncategorized"],"inLanguage":"pt-PT"},{"@type":"WebPage","@id":"https:\/\/www.algaevertical.com\/pt-pt\/algae-vertical-em-destaque-na-revista-voz-do-campo\/","url":"https:\/\/www.algaevertical.com\/pt-pt\/algae-vertical-em-destaque-na-revista-voz-do-campo\/","name":"Algae Vertical Em Destaque Na Revista Voz do Campo - Algae Vertical","isPartOf":{"@id":"https:\/\/www.algaevertical.com\/pt-pt\/#website"},"primaryImageOfPage":{"@id":"https:\/\/www.algaevertical.com\/pt-pt\/algae-vertical-em-destaque-na-revista-voz-do-campo\/#primaryimage"},"image":{"@id":"https:\/\/www.algaevertical.com\/pt-pt\/algae-vertical-em-destaque-na-revista-voz-do-campo\/#primaryimage"},"thumbnailUrl":"https:\/\/www.algaevertical.com\/wp-content\/uploads\/2024\/06\/Captura-de-Ecra-4.png","datePublished":"2024-06-05T15:32:05+00:00","dateModified":"2024-06-14T21:29:29+00:00","author":{"@id":"https:\/\/www.algaevertical.com\/pt-pt\/#\/schema\/person\/aa0954baa4f1cc7852d347e6dde9d839"},"description":"Na edi\u00e7\u00e3o de junho da Voz do Campo, v\u00e1rios parceiros do projeto Algae Vertical foram convidados a contribuir com os seus conhecimentos e experi\u00eancias.","breadcrumb":{"@id":"https:\/\/www.algaevertical.com\/pt-pt\/algae-vertical-em-destaque-na-revista-voz-do-campo\/#breadcrumb"},"inLanguage":"pt-PT","potentialAction":[{"@type":"ReadAction","target":["https:\/\/www.algaevertical.com\/pt-pt\/algae-vertical-em-destaque-na-revista-voz-do-campo\/"]}]},{"@type":"ImageObject","inLanguage":"pt-PT","@id":"https:\/\/www.algaevertical.com\/pt-pt\/algae-vertical-em-destaque-na-revista-voz-do-campo\/#primaryimage","url":"https:\/\/www.algaevertical.com\/wp-content\/uploads\/2024\/06\/Captura-de-Ecra-4.png","contentUrl":"https:\/\/www.algaevertical.com\/wp-content\/uploads\/2024\/06\/Captura-de-Ecra-4.png","width":606,"height":855},{"@type":"BreadcrumbList","@id":"https:\/\/www.algaevertical.com\/pt-pt\/algae-vertical-em-destaque-na-revista-voz-do-campo\/#breadcrumb","itemListElement":[{"@type":"ListItem","position":1,"name":"In\u00edcio","item":"https:\/\/www.algaevertical.com\/"},{"@type":"ListItem","position":2,"name":"Algae Vertical Em Destaque Na Revista Voz do Campo"}]},{"@type":"WebSite","@id":"https:\/\/www.algaevertical.com\/pt-pt\/#website","url":"https:\/\/www.algaevertical.com\/pt-pt\/","name":"Algae Vertical","description":"Projecto AlgaeVertical","potentialAction":[{"@type":"SearchAction","target":{"@type":"EntryPoint","urlTemplate":"https:\/\/www.algaevertical.com\/pt-pt\/?s={search_term_string}"},"query-input":{"@type":"PropertyValueSpecification","valueRequired":true,"valueName":"search_term_string"}}],"inLanguage":"pt-PT"},{"@type":"Person","@id":"https:\/\/www.algaevertical.com\/pt-pt\/#\/schema\/person\/aa0954baa4f1cc7852d347e6dde9d839","name":"growme","image":{"@type":"ImageObject","inLanguage":"pt-PT","@id":"https:\/\/secure.gravatar.com\/avatar\/4d06ef453e73cf5edddcbb6bf454d99bfa7bf71e9b247f61a2aa7ff6e52f4f5a?s=96&d=mm&r=g","url":"https:\/\/secure.gravatar.com\/avatar\/4d06ef453e73cf5edddcbb6bf454d99bfa7bf71e9b247f61a2aa7ff6e52f4f5a?s=96&d=mm&r=g","contentUrl":"https:\/\/secure.gravatar.com\/avatar\/4d06ef453e73cf5edddcbb6bf454d99bfa7bf71e9b247f61a2aa7ff6e52f4f5a?s=96&d=mm&r=g","caption":"growme"},"sameAs":["https:\/\/www.algaevertical.com"],"url":"https:\/\/www.algaevertical.com\/pt-pt\/author\/growme\/"}]}},"_links":{"self":[{"href":"https:\/\/www.algaevertical.com\/pt-pt\/wp-json\/wp\/v2\/posts\/6733","targetHints":{"allow":["GET"]}}],"collection":[{"href":"https:\/\/www.algaevertical.com\/pt-pt\/wp-json\/wp\/v2\/posts"}],"about":[{"href":"https:\/\/www.algaevertical.com\/pt-pt\/wp-json\/wp\/v2\/types\/post"}],"author":[{"embeddable":true,"href":"https:\/\/www.algaevertical.com\/pt-pt\/wp-json\/wp\/v2\/users\/1"}],"replies":[{"embeddable":true,"href":"https:\/\/www.algaevertical.com\/pt-pt\/wp-json\/wp\/v2\/comments?post=6733"}],"version-history":[{"count":8,"href":"https:\/\/www.algaevertical.com\/pt-pt\/wp-json\/wp\/v2\/posts\/6733\/revisions"}],"predecessor-version":[{"id":6820,"href":"https:\/\/www.algaevertical.com\/pt-pt\/wp-json\/wp\/v2\/posts\/6733\/revisions\/6820"}],"wp:featuredmedia":[{"embeddable":true,"href":"https:\/\/www.algaevertical.com\/pt-pt\/wp-json\/wp\/v2\/media\/6738"}],"wp:attachment":[{"href":"https:\/\/www.algaevertical.com\/pt-pt\/wp-json\/wp\/v2\/media?parent=6733"}],"wp:term":[{"taxonomy":"category","embeddable":true,"href":"https:\/\/www.algaevertical.com\/pt-pt\/wp-json\/wp\/v2\/categories?post=6733"},{"taxonomy":"post_tag","embeddable":true,"href":"https:\/\/www.algaevertical.com\/pt-pt\/wp-json\/wp\/v2\/tags?post=6733"}],"curies":[{"name":"wp","href":"https:\/\/api.w.org\/{rel}","templated":true}]}}