{"id":8264,"date":"2025-06-19T19:37:22","date_gmt":"2025-06-19T19:37:22","guid":{"rendered":"https:\/\/www.algaevertical.com\/?p=8264"},"modified":"2025-07-16T09:39:03","modified_gmt":"2025-07-16T09:39:03","slug":"algaplus-na-14-a-edicao-seagriculture-eu-2025-2","status":"publish","type":"post","link":"https:\/\/www.algaevertical.com\/pt-pt\/algaplus-na-14-a-edicao-seagriculture-eu-2025-2\/","title":{"rendered":"ALGAplus na 14.\u00aa edi\u00e7\u00e3o Seagriculture EU 2025"},"content":{"rendered":"<p><a href=\"https:\/\/www.algaplus.pt\/\">ALGAplus<\/a> esteve presente na <a href=\"https:\/\/blue-economy-observatory.ec.europa.eu\/events\/seagriculture-eu-2025-2025-06-17_en\">14.\u00aa Seagriculture Conference EU 2025<\/a>, um evento que decorreu de 17 a 19 de junho, em Roterd\u00e3o, Holanda. O evento reuniu os principais intervenientes no sector das algas marinhas.<br \/>\nIn\u00eas Oliveira apresentou o p\u00f3ster: &#8220;New Horizons: advancing Land-based cultivation of <em>Codium tomentosum<\/em>\u201d, o qual mostra o trabalho cont\u00ednuo da ALGAplus e o seu compromisso com a sustentabilidade da agricultura de <em>Codium tomentosum<\/em>.<\/p>\n","protected":false},"excerpt":{"rendered":"<p>ALGAplus esteve presente na 14.\u00aa Seagriculture Conference EU 2025, um evento que decorreu de 17 a 19 de junho, em Roterd\u00e3o, Holanda. O evento reuniu os principais intervenientes no sector das algas marinhas. In\u00eas Oliveira apresentou o p\u00f3ster: &#8220;New Horizons: advancing Land-based cultivation of Codium tomentosum\u201d, o qual mostra o trabalho cont\u00ednuo da ALGAplus e [&hellip;]<\/p>\n","protected":false},"author":1,"featured_media":8254,"comment_status":"closed","ping_status":"closed","sticky":false,"template":"","format":"standard","meta":{"_acf_changed":false,"footnotes":""},"categories":[],"tags":[],"class_list":["post-8264","post","type-post","status-publish","format-standard","has-post-thumbnail","hentry"],"acf":[],"yoast_head":"<!-- This site is optimized with the Yoast SEO plugin v27.2 - https:\/\/yoast.com\/product\/yoast-seo-wordpress\/ -->\n<title>ALGAplus na 14.\u00aa edi\u00e7\u00e3o Seagriculture EU 2025 - Algae Vertical<\/title>\n<meta name=\"description\" content=\"ALGAplus esteve presente na 14.\u00aa Seagriculture Conference EU 2025, um evento que decorreu de 17 a 19 de junho, em Roterd\u00e3o..Learn more\" \/>\n<meta name=\"robots\" content=\"index, follow, max-snippet:-1, max-image-preview:large, max-video-preview:-1\" \/>\n<link rel=\"canonical\" href=\"https:\/\/www.algaevertical.com\/pt-pt\/algaplus-na-14-a-edicao-seagriculture-eu-2025-2\/\" \/>\n<meta property=\"og:locale\" content=\"pt_PT\" \/>\n<meta property=\"og:type\" content=\"article\" \/>\n<meta property=\"og:title\" content=\"ALGAplus na 14.\u00aa edi\u00e7\u00e3o Seagriculture EU 2025 - Algae Vertical\" \/>\n<meta property=\"og:description\" content=\"ALGAplus esteve presente na 14.\u00aa Seagriculture Conference EU 2025, um evento que decorreu de 17 a 19 de junho, em Roterd\u00e3o..Learn more\" \/>\n<meta property=\"og:url\" content=\"https:\/\/www.algaevertical.com\/pt-pt\/algaplus-na-14-a-edicao-seagriculture-eu-2025-2\/\" \/>\n<meta property=\"og:site_name\" content=\"Algae Vertical\" \/>\n<meta property=\"article:published_time\" content=\"2025-06-19T19:37:22+00:00\" \/>\n<meta property=\"article:modified_time\" content=\"2025-07-16T09:39:03+00:00\" \/>\n<meta property=\"og:image\" content=\"https:\/\/www.algaevertical.com\/wp-content\/uploads\/2025\/07\/Ines-OLiveira.jpeg\" \/>\n\t<meta property=\"og:image:width\" content=\"1500\" \/>\n\t<meta property=\"og:image:height\" content=\"1500\" \/>\n\t<meta property=\"og:image:type\" content=\"image\/jpeg\" \/>\n<meta name=\"author\" content=\"growme\" \/>\n<meta name=\"twitter:card\" content=\"summary_large_image\" \/>\n<meta name=\"twitter:label1\" content=\"Escrito por\" \/>\n\t<meta name=\"twitter:data1\" content=\"growme\" \/>\n<script type=\"application\/ld+json\" class=\"yoast-schema-graph\">{\"@context\":\"https:\/\/schema.org\",\"@graph\":[{\"@type\":\"Article\",\"@id\":\"https:\/\/www.algaevertical.com\/pt-pt\/algaplus-na-14-a-edicao-seagriculture-eu-2025-2\/#article\",\"isPartOf\":{\"@id\":\"https:\/\/www.algaevertical.com\/pt-pt\/algaplus-na-14-a-edicao-seagriculture-eu-2025-2\/\"},\"author\":{\"name\":\"growme\",\"@id\":\"https:\/\/www.algaevertical.com\/pt-pt\/#\/schema\/person\/aa0954baa4f1cc7852d347e6dde9d839\"},\"headline\":\"ALGAplus na 14.\u00aa edi\u00e7\u00e3o Seagriculture EU 2025\",\"datePublished\":\"2025-06-19T19:37:22+00:00\",\"dateModified\":\"2025-07-16T09:39:03+00:00\",\"mainEntityOfPage\":{\"@id\":\"https:\/\/www.algaevertical.com\/pt-pt\/algaplus-na-14-a-edicao-seagriculture-eu-2025-2\/\"},\"wordCount\":72,\"image\":{\"@id\":\"https:\/\/www.algaevertical.com\/pt-pt\/algaplus-na-14-a-edicao-seagriculture-eu-2025-2\/#primaryimage\"},\"thumbnailUrl\":\"https:\/\/www.algaevertical.com\/wp-content\/uploads\/2025\/07\/Ines-OLiveira.jpeg\",\"inLanguage\":\"pt-PT\"},{\"@type\":\"WebPage\",\"@id\":\"https:\/\/www.algaevertical.com\/pt-pt\/algaplus-na-14-a-edicao-seagriculture-eu-2025-2\/\",\"url\":\"https:\/\/www.algaevertical.com\/pt-pt\/algaplus-na-14-a-edicao-seagriculture-eu-2025-2\/\",\"name\":\"ALGAplus na 14.\u00aa edi\u00e7\u00e3o Seagriculture EU 2025 - Algae Vertical\",\"isPartOf\":{\"@id\":\"https:\/\/www.algaevertical.com\/pt-pt\/#website\"},\"primaryImageOfPage\":{\"@id\":\"https:\/\/www.algaevertical.com\/pt-pt\/algaplus-na-14-a-edicao-seagriculture-eu-2025-2\/#primaryimage\"},\"image\":{\"@id\":\"https:\/\/www.algaevertical.com\/pt-pt\/algaplus-na-14-a-edicao-seagriculture-eu-2025-2\/#primaryimage\"},\"thumbnailUrl\":\"https:\/\/www.algaevertical.com\/wp-content\/uploads\/2025\/07\/Ines-OLiveira.jpeg\",\"datePublished\":\"2025-06-19T19:37:22+00:00\",\"dateModified\":\"2025-07-16T09:39:03+00:00\",\"author\":{\"@id\":\"https:\/\/www.algaevertical.com\/pt-pt\/#\/schema\/person\/aa0954baa4f1cc7852d347e6dde9d839\"},\"description\":\"ALGAplus esteve presente na 14.\u00aa Seagriculture Conference EU 2025, um evento que decorreu de 17 a 19 de junho, em Roterd\u00e3o..Learn more\",\"breadcrumb\":{\"@id\":\"https:\/\/www.algaevertical.com\/pt-pt\/algaplus-na-14-a-edicao-seagriculture-eu-2025-2\/#breadcrumb\"},\"inLanguage\":\"pt-PT\",\"potentialAction\":[{\"@type\":\"ReadAction\",\"target\":[\"https:\/\/www.algaevertical.com\/pt-pt\/algaplus-na-14-a-edicao-seagriculture-eu-2025-2\/\"]}]},{\"@type\":\"ImageObject\",\"inLanguage\":\"pt-PT\",\"@id\":\"https:\/\/www.algaevertical.com\/pt-pt\/algaplus-na-14-a-edicao-seagriculture-eu-2025-2\/#primaryimage\",\"url\":\"https:\/\/www.algaevertical.com\/wp-content\/uploads\/2025\/07\/Ines-OLiveira.jpeg\",\"contentUrl\":\"https:\/\/www.algaevertical.com\/wp-content\/uploads\/2025\/07\/Ines-OLiveira.jpeg\",\"width\":1500,\"height\":1500},{\"@type\":\"BreadcrumbList\",\"@id\":\"https:\/\/www.algaevertical.com\/pt-pt\/algaplus-na-14-a-edicao-seagriculture-eu-2025-2\/#breadcrumb\",\"itemListElement\":[{\"@type\":\"ListItem\",\"position\":1,\"name\":\"In\u00edcio\",\"item\":\"https:\/\/www.algaevertical.com\/\"},{\"@type\":\"ListItem\",\"position\":2,\"name\":\"ALGAplus na 14.\u00aa edi\u00e7\u00e3o Seagriculture EU 2025\"}]},{\"@type\":\"WebSite\",\"@id\":\"https:\/\/www.algaevertical.com\/pt-pt\/#website\",\"url\":\"https:\/\/www.algaevertical.com\/pt-pt\/\",\"name\":\"Algae Vertical\",\"description\":\"Projecto AlgaeVertical\",\"potentialAction\":[{\"@type\":\"SearchAction\",\"target\":{\"@type\":\"EntryPoint\",\"urlTemplate\":\"https:\/\/www.algaevertical.com\/pt-pt\/?s={search_term_string}\"},\"query-input\":{\"@type\":\"PropertyValueSpecification\",\"valueRequired\":true,\"valueName\":\"search_term_string\"}}],\"inLanguage\":\"pt-PT\"},{\"@type\":\"Person\",\"@id\":\"https:\/\/www.algaevertical.com\/pt-pt\/#\/schema\/person\/aa0954baa4f1cc7852d347e6dde9d839\",\"name\":\"growme\",\"image\":{\"@type\":\"ImageObject\",\"inLanguage\":\"pt-PT\",\"@id\":\"https:\/\/secure.gravatar.com\/avatar\/4d06ef453e73cf5edddcbb6bf454d99bfa7bf71e9b247f61a2aa7ff6e52f4f5a?s=96&d=mm&r=g\",\"url\":\"https:\/\/secure.gravatar.com\/avatar\/4d06ef453e73cf5edddcbb6bf454d99bfa7bf71e9b247f61a2aa7ff6e52f4f5a?s=96&d=mm&r=g\",\"contentUrl\":\"https:\/\/secure.gravatar.com\/avatar\/4d06ef453e73cf5edddcbb6bf454d99bfa7bf71e9b247f61a2aa7ff6e52f4f5a?s=96&d=mm&r=g\",\"caption\":\"growme\"},\"sameAs\":[\"https:\/\/www.algaevertical.com\"],\"url\":\"https:\/\/www.algaevertical.com\/pt-pt\/author\/growme\/\"}]}<\/script>\n<!-- \/ Yoast SEO plugin. -->","yoast_head_json":{"title":"ALGAplus na 14.\u00aa edi\u00e7\u00e3o Seagriculture EU 2025 - Algae Vertical","description":"ALGAplus esteve presente na 14.\u00aa Seagriculture Conference EU 2025, um evento que decorreu de 17 a 19 de junho, em Roterd\u00e3o..Learn more","robots":{"index":"index","follow":"follow","max-snippet":"max-snippet:-1","max-image-preview":"max-image-preview:large","max-video-preview":"max-video-preview:-1"},"canonical":"https:\/\/www.algaevertical.com\/pt-pt\/algaplus-na-14-a-edicao-seagriculture-eu-2025-2\/","og_locale":"pt_PT","og_type":"article","og_title":"ALGAplus na 14.\u00aa edi\u00e7\u00e3o Seagriculture EU 2025 - Algae Vertical","og_description":"ALGAplus esteve presente na 14.\u00aa Seagriculture Conference EU 2025, um evento que decorreu de 17 a 19 de junho, em Roterd\u00e3o..Learn more","og_url":"https:\/\/www.algaevertical.com\/pt-pt\/algaplus-na-14-a-edicao-seagriculture-eu-2025-2\/","og_site_name":"Algae Vertical","article_published_time":"2025-06-19T19:37:22+00:00","article_modified_time":"2025-07-16T09:39:03+00:00","og_image":[{"width":1500,"height":1500,"url":"https:\/\/www.algaevertical.com\/wp-content\/uploads\/2025\/07\/Ines-OLiveira.jpeg","type":"image\/jpeg"}],"author":"growme","twitter_card":"summary_large_image","twitter_misc":{"Escrito por":"growme"},"schema":{"@context":"https:\/\/schema.org","@graph":[{"@type":"Article","@id":"https:\/\/www.algaevertical.com\/pt-pt\/algaplus-na-14-a-edicao-seagriculture-eu-2025-2\/#article","isPartOf":{"@id":"https:\/\/www.algaevertical.com\/pt-pt\/algaplus-na-14-a-edicao-seagriculture-eu-2025-2\/"},"author":{"name":"growme","@id":"https:\/\/www.algaevertical.com\/pt-pt\/#\/schema\/person\/aa0954baa4f1cc7852d347e6dde9d839"},"headline":"ALGAplus na 14.\u00aa edi\u00e7\u00e3o Seagriculture EU 2025","datePublished":"2025-06-19T19:37:22+00:00","dateModified":"2025-07-16T09:39:03+00:00","mainEntityOfPage":{"@id":"https:\/\/www.algaevertical.com\/pt-pt\/algaplus-na-14-a-edicao-seagriculture-eu-2025-2\/"},"wordCount":72,"image":{"@id":"https:\/\/www.algaevertical.com\/pt-pt\/algaplus-na-14-a-edicao-seagriculture-eu-2025-2\/#primaryimage"},"thumbnailUrl":"https:\/\/www.algaevertical.com\/wp-content\/uploads\/2025\/07\/Ines-OLiveira.jpeg","inLanguage":"pt-PT"},{"@type":"WebPage","@id":"https:\/\/www.algaevertical.com\/pt-pt\/algaplus-na-14-a-edicao-seagriculture-eu-2025-2\/","url":"https:\/\/www.algaevertical.com\/pt-pt\/algaplus-na-14-a-edicao-seagriculture-eu-2025-2\/","name":"ALGAplus na 14.\u00aa edi\u00e7\u00e3o Seagriculture EU 2025 - Algae Vertical","isPartOf":{"@id":"https:\/\/www.algaevertical.com\/pt-pt\/#website"},"primaryImageOfPage":{"@id":"https:\/\/www.algaevertical.com\/pt-pt\/algaplus-na-14-a-edicao-seagriculture-eu-2025-2\/#primaryimage"},"image":{"@id":"https:\/\/www.algaevertical.com\/pt-pt\/algaplus-na-14-a-edicao-seagriculture-eu-2025-2\/#primaryimage"},"thumbnailUrl":"https:\/\/www.algaevertical.com\/wp-content\/uploads\/2025\/07\/Ines-OLiveira.jpeg","datePublished":"2025-06-19T19:37:22+00:00","dateModified":"2025-07-16T09:39:03+00:00","author":{"@id":"https:\/\/www.algaevertical.com\/pt-pt\/#\/schema\/person\/aa0954baa4f1cc7852d347e6dde9d839"},"description":"ALGAplus esteve presente na 14.\u00aa Seagriculture Conference EU 2025, um evento que decorreu de 17 a 19 de junho, em Roterd\u00e3o..Learn more","breadcrumb":{"@id":"https:\/\/www.algaevertical.com\/pt-pt\/algaplus-na-14-a-edicao-seagriculture-eu-2025-2\/#breadcrumb"},"inLanguage":"pt-PT","potentialAction":[{"@type":"ReadAction","target":["https:\/\/www.algaevertical.com\/pt-pt\/algaplus-na-14-a-edicao-seagriculture-eu-2025-2\/"]}]},{"@type":"ImageObject","inLanguage":"pt-PT","@id":"https:\/\/www.algaevertical.com\/pt-pt\/algaplus-na-14-a-edicao-seagriculture-eu-2025-2\/#primaryimage","url":"https:\/\/www.algaevertical.com\/wp-content\/uploads\/2025\/07\/Ines-OLiveira.jpeg","contentUrl":"https:\/\/www.algaevertical.com\/wp-content\/uploads\/2025\/07\/Ines-OLiveira.jpeg","width":1500,"height":1500},{"@type":"BreadcrumbList","@id":"https:\/\/www.algaevertical.com\/pt-pt\/algaplus-na-14-a-edicao-seagriculture-eu-2025-2\/#breadcrumb","itemListElement":[{"@type":"ListItem","position":1,"name":"In\u00edcio","item":"https:\/\/www.algaevertical.com\/"},{"@type":"ListItem","position":2,"name":"ALGAplus na 14.\u00aa edi\u00e7\u00e3o Seagriculture EU 2025"}]},{"@type":"WebSite","@id":"https:\/\/www.algaevertical.com\/pt-pt\/#website","url":"https:\/\/www.algaevertical.com\/pt-pt\/","name":"Algae Vertical","description":"Projecto AlgaeVertical","potentialAction":[{"@type":"SearchAction","target":{"@type":"EntryPoint","urlTemplate":"https:\/\/www.algaevertical.com\/pt-pt\/?s={search_term_string}"},"query-input":{"@type":"PropertyValueSpecification","valueRequired":true,"valueName":"search_term_string"}}],"inLanguage":"pt-PT"},{"@type":"Person","@id":"https:\/\/www.algaevertical.com\/pt-pt\/#\/schema\/person\/aa0954baa4f1cc7852d347e6dde9d839","name":"growme","image":{"@type":"ImageObject","inLanguage":"pt-PT","@id":"https:\/\/secure.gravatar.com\/avatar\/4d06ef453e73cf5edddcbb6bf454d99bfa7bf71e9b247f61a2aa7ff6e52f4f5a?s=96&d=mm&r=g","url":"https:\/\/secure.gravatar.com\/avatar\/4d06ef453e73cf5edddcbb6bf454d99bfa7bf71e9b247f61a2aa7ff6e52f4f5a?s=96&d=mm&r=g","contentUrl":"https:\/\/secure.gravatar.com\/avatar\/4d06ef453e73cf5edddcbb6bf454d99bfa7bf71e9b247f61a2aa7ff6e52f4f5a?s=96&d=mm&r=g","caption":"growme"},"sameAs":["https:\/\/www.algaevertical.com"],"url":"https:\/\/www.algaevertical.com\/pt-pt\/author\/growme\/"}]}},"_links":{"self":[{"href":"https:\/\/www.algaevertical.com\/pt-pt\/wp-json\/wp\/v2\/posts\/8264","targetHints":{"allow":["GET"]}}],"collection":[{"href":"https:\/\/www.algaevertical.com\/pt-pt\/wp-json\/wp\/v2\/posts"}],"about":[{"href":"https:\/\/www.algaevertical.com\/pt-pt\/wp-json\/wp\/v2\/types\/post"}],"author":[{"embeddable":true,"href":"https:\/\/www.algaevertical.com\/pt-pt\/wp-json\/wp\/v2\/users\/1"}],"replies":[{"embeddable":true,"href":"https:\/\/www.algaevertical.com\/pt-pt\/wp-json\/wp\/v2\/comments?post=8264"}],"version-history":[{"count":1,"href":"https:\/\/www.algaevertical.com\/pt-pt\/wp-json\/wp\/v2\/posts\/8264\/revisions"}],"predecessor-version":[{"id":8265,"href":"https:\/\/www.algaevertical.com\/pt-pt\/wp-json\/wp\/v2\/posts\/8264\/revisions\/8265"}],"wp:featuredmedia":[{"embeddable":true,"href":"https:\/\/www.algaevertical.com\/pt-pt\/wp-json\/wp\/v2\/media\/8254"}],"wp:attachment":[{"href":"https:\/\/www.algaevertical.com\/pt-pt\/wp-json\/wp\/v2\/media?parent=8264"}],"wp:term":[{"taxonomy":"category","embeddable":true,"href":"https:\/\/www.algaevertical.com\/pt-pt\/wp-json\/wp\/v2\/categories?post=8264"},{"taxonomy":"post_tag","embeddable":true,"href":"https:\/\/www.algaevertical.com\/pt-pt\/wp-json\/wp\/v2\/tags?post=8264"}],"curies":[{"name":"wp","href":"https:\/\/api.w.org\/{rel}","templated":true}]}}