{"id":8362,"date":"2025-06-30T19:39:06","date_gmt":"2025-06-30T19:39:06","guid":{"rendered":"https:\/\/www.algaevertical.com\/?p=8362"},"modified":"2025-07-17T11:50:13","modified_gmt":"2025-07-17T11:50:13","slug":"sumol-compal-apresenta-molho-de-tomate-com-alga-portuguesa-e-biologica","status":"publish","type":"post","link":"https:\/\/www.algaevertical.com\/pt-pt\/sumol-compal-apresenta-molho-de-tomate-com-alga-portuguesa-e-biologica\/","title":{"rendered":"Sumol Compal Apresenta Molho de Tomate com Alga Portuguesa e Biol\u00f3gica"},"content":{"rendered":"<p>No \u00e2mbito do projeto SP4a &#8220;Sea to Fork&#8221;, a <a href=\"https:\/\/sumolcompal.pt\/en\">Sumol Compal<\/a> acaba de lan\u00e7ar um molho de tomate inovador, enriquecido com <em>Fucus vesiculosus<\/em>, uma alga 100% portuguesa e biol\u00f3gica. Esta mat\u00e9ria-prima foi cultivada de forma controlada e sustent\u00e1vel pelo copromotor <a href=\"https:\/\/www.algaplus.pt\/\">ALGAplus<\/a>, assegurando qualidade e respeito pelo ambiente.<\/p>\n<p>Sem adi\u00e7\u00e3o de sal ou conservantes, este novo molho \u00e9 uma op\u00e7\u00e3o saud\u00e1vel e saborosa, perfeita para acompanhar massas, peixe, marisco ou pratos com inspira\u00e7\u00e3o atl\u00e2ntica. Uma escolha ideal para os consumidores que gostam de explorar novos sabores com um toque natural e nutritivo.<\/p>\n","protected":false},"excerpt":{"rendered":"<p>No \u00e2mbito do projeto SP4a &#8220;Sea to Fork&#8221;, a Sumol Compal acaba de lan\u00e7ar um molho de tomate inovador, enriquecido com Fucus vesiculosus, uma alga 100% portuguesa e biol\u00f3gica. Esta mat\u00e9ria-prima foi cultivada de forma controlada e sustent\u00e1vel pelo copromotor ALGAplus, assegurando qualidade e respeito pelo ambiente. Sem adi\u00e7\u00e3o de sal ou conservantes, este novo [&hellip;]<\/p>\n","protected":false},"author":1,"featured_media":8363,"comment_status":"closed","ping_status":"closed","sticky":false,"template":"","format":"standard","meta":{"_acf_changed":false,"footnotes":""},"categories":[88],"tags":[],"class_list":["post-8362","post","type-post","status-publish","format-standard","has-post-thumbnail","hentry","category-noticias"],"acf":[],"yoast_head":"<!-- This site is optimized with the Yoast SEO plugin v27.2 - https:\/\/yoast.com\/product\/yoast-seo-wordpress\/ -->\n<title>Sumol Compal Apresenta Molho de Tomate com Alga Portuguesa e Biol\u00f3gica Algae Vertical<\/title>\n<meta name=\"description\" content=\"No \u00e2mbito do projeto SP4a &quot;Sea to Fork&quot;, a Sumol Compal acaba de lan\u00e7ar um molho de tomate inovador, enriquecido com Fucus vesicu.. leia mais\" \/>\n<meta name=\"robots\" content=\"index, follow, max-snippet:-1, max-image-preview:large, max-video-preview:-1\" \/>\n<link rel=\"canonical\" href=\"https:\/\/www.algaevertical.com\/pt-pt\/sumol-compal-apresenta-molho-de-tomate-com-alga-portuguesa-e-biologica\/\" \/>\n<meta property=\"og:locale\" content=\"pt_PT\" \/>\n<meta property=\"og:type\" content=\"article\" \/>\n<meta property=\"og:title\" content=\"Sumol Compal Apresenta Molho de Tomate com Alga Portuguesa e Biol\u00f3gica Algae Vertical\" \/>\n<meta property=\"og:description\" content=\"No \u00e2mbito do projeto SP4a &quot;Sea to Fork&quot;, a Sumol Compal acaba de lan\u00e7ar um molho de tomate inovador, enriquecido com Fucus vesicu.. leia mais\" \/>\n<meta property=\"og:url\" content=\"https:\/\/www.algaevertical.com\/pt-pt\/sumol-compal-apresenta-molho-de-tomate-com-alga-portuguesa-e-biologica\/\" \/>\n<meta property=\"og:site_name\" content=\"Algae Vertical\" \/>\n<meta property=\"article:published_time\" content=\"2025-06-30T19:39:06+00:00\" \/>\n<meta property=\"article:modified_time\" content=\"2025-07-17T11:50:13+00:00\" \/>\n<meta property=\"og:image\" content=\"https:\/\/www.algaevertical.com\/wp-content\/uploads\/2025\/07\/Tomate-com-Alga.jpeg\" \/>\n\t<meta property=\"og:image:width\" content=\"755\" \/>\n\t<meta property=\"og:image:height\" content=\"1095\" \/>\n\t<meta property=\"og:image:type\" content=\"image\/jpeg\" \/>\n<meta name=\"author\" content=\"growme\" \/>\n<meta name=\"twitter:card\" content=\"summary_large_image\" \/>\n<meta name=\"twitter:label1\" content=\"Escrito por\" \/>\n\t<meta name=\"twitter:data1\" content=\"growme\" \/>\n<script type=\"application\/ld+json\" class=\"yoast-schema-graph\">{\"@context\":\"https:\/\/schema.org\",\"@graph\":[{\"@type\":\"Article\",\"@id\":\"https:\/\/www.algaevertical.com\/pt-pt\/sumol-compal-apresenta-molho-de-tomate-com-alga-portuguesa-e-biologica\/#article\",\"isPartOf\":{\"@id\":\"https:\/\/www.algaevertical.com\/pt-pt\/sumol-compal-apresenta-molho-de-tomate-com-alga-portuguesa-e-biologica\/\"},\"author\":{\"name\":\"growme\",\"@id\":\"https:\/\/www.algaevertical.com\/pt-pt\/#\/schema\/person\/aa0954baa4f1cc7852d347e6dde9d839\"},\"headline\":\"Sumol Compal Apresenta Molho de Tomate com Alga Portuguesa e Biol\u00f3gica\",\"datePublished\":\"2025-06-30T19:39:06+00:00\",\"dateModified\":\"2025-07-17T11:50:13+00:00\",\"mainEntityOfPage\":{\"@id\":\"https:\/\/www.algaevertical.com\/pt-pt\/sumol-compal-apresenta-molho-de-tomate-com-alga-portuguesa-e-biologica\/\"},\"wordCount\":111,\"image\":{\"@id\":\"https:\/\/www.algaevertical.com\/pt-pt\/sumol-compal-apresenta-molho-de-tomate-com-alga-portuguesa-e-biologica\/#primaryimage\"},\"thumbnailUrl\":\"https:\/\/www.algaevertical.com\/wp-content\/uploads\/2025\/07\/Tomate-com-Alga.jpeg\",\"articleSection\":[\"Noticias\"],\"inLanguage\":\"pt-PT\"},{\"@type\":\"WebPage\",\"@id\":\"https:\/\/www.algaevertical.com\/pt-pt\/sumol-compal-apresenta-molho-de-tomate-com-alga-portuguesa-e-biologica\/\",\"url\":\"https:\/\/www.algaevertical.com\/pt-pt\/sumol-compal-apresenta-molho-de-tomate-com-alga-portuguesa-e-biologica\/\",\"name\":\"Sumol Compal Apresenta Molho de Tomate com Alga Portuguesa e Biol\u00f3gica Algae Vertical\",\"isPartOf\":{\"@id\":\"https:\/\/www.algaevertical.com\/pt-pt\/#website\"},\"primaryImageOfPage\":{\"@id\":\"https:\/\/www.algaevertical.com\/pt-pt\/sumol-compal-apresenta-molho-de-tomate-com-alga-portuguesa-e-biologica\/#primaryimage\"},\"image\":{\"@id\":\"https:\/\/www.algaevertical.com\/pt-pt\/sumol-compal-apresenta-molho-de-tomate-com-alga-portuguesa-e-biologica\/#primaryimage\"},\"thumbnailUrl\":\"https:\/\/www.algaevertical.com\/wp-content\/uploads\/2025\/07\/Tomate-com-Alga.jpeg\",\"datePublished\":\"2025-06-30T19:39:06+00:00\",\"dateModified\":\"2025-07-17T11:50:13+00:00\",\"author\":{\"@id\":\"https:\/\/www.algaevertical.com\/pt-pt\/#\/schema\/person\/aa0954baa4f1cc7852d347e6dde9d839\"},\"description\":\"No \u00e2mbito do projeto SP4a \\\"Sea to Fork\\\", a Sumol Compal acaba de lan\u00e7ar um molho de tomate inovador, enriquecido com Fucus vesicu.. leia mais\",\"breadcrumb\":{\"@id\":\"https:\/\/www.algaevertical.com\/pt-pt\/sumol-compal-apresenta-molho-de-tomate-com-alga-portuguesa-e-biologica\/#breadcrumb\"},\"inLanguage\":\"pt-PT\",\"potentialAction\":[{\"@type\":\"ReadAction\",\"target\":[\"https:\/\/www.algaevertical.com\/pt-pt\/sumol-compal-apresenta-molho-de-tomate-com-alga-portuguesa-e-biologica\/\"]}]},{\"@type\":\"ImageObject\",\"inLanguage\":\"pt-PT\",\"@id\":\"https:\/\/www.algaevertical.com\/pt-pt\/sumol-compal-apresenta-molho-de-tomate-com-alga-portuguesa-e-biologica\/#primaryimage\",\"url\":\"https:\/\/www.algaevertical.com\/wp-content\/uploads\/2025\/07\/Tomate-com-Alga.jpeg\",\"contentUrl\":\"https:\/\/www.algaevertical.com\/wp-content\/uploads\/2025\/07\/Tomate-com-Alga.jpeg\",\"width\":755,\"height\":1095},{\"@type\":\"BreadcrumbList\",\"@id\":\"https:\/\/www.algaevertical.com\/pt-pt\/sumol-compal-apresenta-molho-de-tomate-com-alga-portuguesa-e-biologica\/#breadcrumb\",\"itemListElement\":[{\"@type\":\"ListItem\",\"position\":1,\"name\":\"In\u00edcio\",\"item\":\"https:\/\/www.algaevertical.com\/\"},{\"@type\":\"ListItem\",\"position\":2,\"name\":\"Sumol Compal Apresenta Molho de Tomate com Alga Portuguesa e Biol\u00f3gica\"}]},{\"@type\":\"WebSite\",\"@id\":\"https:\/\/www.algaevertical.com\/pt-pt\/#website\",\"url\":\"https:\/\/www.algaevertical.com\/pt-pt\/\",\"name\":\"Algae Vertical\",\"description\":\"Projecto AlgaeVertical\",\"potentialAction\":[{\"@type\":\"SearchAction\",\"target\":{\"@type\":\"EntryPoint\",\"urlTemplate\":\"https:\/\/www.algaevertical.com\/pt-pt\/?s={search_term_string}\"},\"query-input\":{\"@type\":\"PropertyValueSpecification\",\"valueRequired\":true,\"valueName\":\"search_term_string\"}}],\"inLanguage\":\"pt-PT\"},{\"@type\":\"Person\",\"@id\":\"https:\/\/www.algaevertical.com\/pt-pt\/#\/schema\/person\/aa0954baa4f1cc7852d347e6dde9d839\",\"name\":\"growme\",\"image\":{\"@type\":\"ImageObject\",\"inLanguage\":\"pt-PT\",\"@id\":\"https:\/\/secure.gravatar.com\/avatar\/4d06ef453e73cf5edddcbb6bf454d99bfa7bf71e9b247f61a2aa7ff6e52f4f5a?s=96&d=mm&r=g\",\"url\":\"https:\/\/secure.gravatar.com\/avatar\/4d06ef453e73cf5edddcbb6bf454d99bfa7bf71e9b247f61a2aa7ff6e52f4f5a?s=96&d=mm&r=g\",\"contentUrl\":\"https:\/\/secure.gravatar.com\/avatar\/4d06ef453e73cf5edddcbb6bf454d99bfa7bf71e9b247f61a2aa7ff6e52f4f5a?s=96&d=mm&r=g\",\"caption\":\"growme\"},\"sameAs\":[\"https:\/\/www.algaevertical.com\"],\"url\":\"https:\/\/www.algaevertical.com\/pt-pt\/author\/growme\/\"}]}<\/script>\n<!-- \/ Yoast SEO plugin. -->","yoast_head_json":{"title":"Sumol Compal Apresenta Molho de Tomate com Alga Portuguesa e Biol\u00f3gica Algae Vertical","description":"No \u00e2mbito do projeto SP4a \"Sea to Fork\", a Sumol Compal acaba de lan\u00e7ar um molho de tomate inovador, enriquecido com Fucus vesicu.. leia mais","robots":{"index":"index","follow":"follow","max-snippet":"max-snippet:-1","max-image-preview":"max-image-preview:large","max-video-preview":"max-video-preview:-1"},"canonical":"https:\/\/www.algaevertical.com\/pt-pt\/sumol-compal-apresenta-molho-de-tomate-com-alga-portuguesa-e-biologica\/","og_locale":"pt_PT","og_type":"article","og_title":"Sumol Compal Apresenta Molho de Tomate com Alga Portuguesa e Biol\u00f3gica Algae Vertical","og_description":"No \u00e2mbito do projeto SP4a \"Sea to Fork\", a Sumol Compal acaba de lan\u00e7ar um molho de tomate inovador, enriquecido com Fucus vesicu.. leia mais","og_url":"https:\/\/www.algaevertical.com\/pt-pt\/sumol-compal-apresenta-molho-de-tomate-com-alga-portuguesa-e-biologica\/","og_site_name":"Algae Vertical","article_published_time":"2025-06-30T19:39:06+00:00","article_modified_time":"2025-07-17T11:50:13+00:00","og_image":[{"width":755,"height":1095,"url":"https:\/\/www.algaevertical.com\/wp-content\/uploads\/2025\/07\/Tomate-com-Alga.jpeg","type":"image\/jpeg"}],"author":"growme","twitter_card":"summary_large_image","twitter_misc":{"Escrito por":"growme"},"schema":{"@context":"https:\/\/schema.org","@graph":[{"@type":"Article","@id":"https:\/\/www.algaevertical.com\/pt-pt\/sumol-compal-apresenta-molho-de-tomate-com-alga-portuguesa-e-biologica\/#article","isPartOf":{"@id":"https:\/\/www.algaevertical.com\/pt-pt\/sumol-compal-apresenta-molho-de-tomate-com-alga-portuguesa-e-biologica\/"},"author":{"name":"growme","@id":"https:\/\/www.algaevertical.com\/pt-pt\/#\/schema\/person\/aa0954baa4f1cc7852d347e6dde9d839"},"headline":"Sumol Compal Apresenta Molho de Tomate com Alga Portuguesa e Biol\u00f3gica","datePublished":"2025-06-30T19:39:06+00:00","dateModified":"2025-07-17T11:50:13+00:00","mainEntityOfPage":{"@id":"https:\/\/www.algaevertical.com\/pt-pt\/sumol-compal-apresenta-molho-de-tomate-com-alga-portuguesa-e-biologica\/"},"wordCount":111,"image":{"@id":"https:\/\/www.algaevertical.com\/pt-pt\/sumol-compal-apresenta-molho-de-tomate-com-alga-portuguesa-e-biologica\/#primaryimage"},"thumbnailUrl":"https:\/\/www.algaevertical.com\/wp-content\/uploads\/2025\/07\/Tomate-com-Alga.jpeg","articleSection":["Noticias"],"inLanguage":"pt-PT"},{"@type":"WebPage","@id":"https:\/\/www.algaevertical.com\/pt-pt\/sumol-compal-apresenta-molho-de-tomate-com-alga-portuguesa-e-biologica\/","url":"https:\/\/www.algaevertical.com\/pt-pt\/sumol-compal-apresenta-molho-de-tomate-com-alga-portuguesa-e-biologica\/","name":"Sumol Compal Apresenta Molho de Tomate com Alga Portuguesa e Biol\u00f3gica Algae Vertical","isPartOf":{"@id":"https:\/\/www.algaevertical.com\/pt-pt\/#website"},"primaryImageOfPage":{"@id":"https:\/\/www.algaevertical.com\/pt-pt\/sumol-compal-apresenta-molho-de-tomate-com-alga-portuguesa-e-biologica\/#primaryimage"},"image":{"@id":"https:\/\/www.algaevertical.com\/pt-pt\/sumol-compal-apresenta-molho-de-tomate-com-alga-portuguesa-e-biologica\/#primaryimage"},"thumbnailUrl":"https:\/\/www.algaevertical.com\/wp-content\/uploads\/2025\/07\/Tomate-com-Alga.jpeg","datePublished":"2025-06-30T19:39:06+00:00","dateModified":"2025-07-17T11:50:13+00:00","author":{"@id":"https:\/\/www.algaevertical.com\/pt-pt\/#\/schema\/person\/aa0954baa4f1cc7852d347e6dde9d839"},"description":"No \u00e2mbito do projeto SP4a \"Sea to Fork\", a Sumol Compal acaba de lan\u00e7ar um molho de tomate inovador, enriquecido com Fucus vesicu.. leia mais","breadcrumb":{"@id":"https:\/\/www.algaevertical.com\/pt-pt\/sumol-compal-apresenta-molho-de-tomate-com-alga-portuguesa-e-biologica\/#breadcrumb"},"inLanguage":"pt-PT","potentialAction":[{"@type":"ReadAction","target":["https:\/\/www.algaevertical.com\/pt-pt\/sumol-compal-apresenta-molho-de-tomate-com-alga-portuguesa-e-biologica\/"]}]},{"@type":"ImageObject","inLanguage":"pt-PT","@id":"https:\/\/www.algaevertical.com\/pt-pt\/sumol-compal-apresenta-molho-de-tomate-com-alga-portuguesa-e-biologica\/#primaryimage","url":"https:\/\/www.algaevertical.com\/wp-content\/uploads\/2025\/07\/Tomate-com-Alga.jpeg","contentUrl":"https:\/\/www.algaevertical.com\/wp-content\/uploads\/2025\/07\/Tomate-com-Alga.jpeg","width":755,"height":1095},{"@type":"BreadcrumbList","@id":"https:\/\/www.algaevertical.com\/pt-pt\/sumol-compal-apresenta-molho-de-tomate-com-alga-portuguesa-e-biologica\/#breadcrumb","itemListElement":[{"@type":"ListItem","position":1,"name":"In\u00edcio","item":"https:\/\/www.algaevertical.com\/"},{"@type":"ListItem","position":2,"name":"Sumol Compal Apresenta Molho de Tomate com Alga Portuguesa e Biol\u00f3gica"}]},{"@type":"WebSite","@id":"https:\/\/www.algaevertical.com\/pt-pt\/#website","url":"https:\/\/www.algaevertical.com\/pt-pt\/","name":"Algae Vertical","description":"Projecto AlgaeVertical","potentialAction":[{"@type":"SearchAction","target":{"@type":"EntryPoint","urlTemplate":"https:\/\/www.algaevertical.com\/pt-pt\/?s={search_term_string}"},"query-input":{"@type":"PropertyValueSpecification","valueRequired":true,"valueName":"search_term_string"}}],"inLanguage":"pt-PT"},{"@type":"Person","@id":"https:\/\/www.algaevertical.com\/pt-pt\/#\/schema\/person\/aa0954baa4f1cc7852d347e6dde9d839","name":"growme","image":{"@type":"ImageObject","inLanguage":"pt-PT","@id":"https:\/\/secure.gravatar.com\/avatar\/4d06ef453e73cf5edddcbb6bf454d99bfa7bf71e9b247f61a2aa7ff6e52f4f5a?s=96&d=mm&r=g","url":"https:\/\/secure.gravatar.com\/avatar\/4d06ef453e73cf5edddcbb6bf454d99bfa7bf71e9b247f61a2aa7ff6e52f4f5a?s=96&d=mm&r=g","contentUrl":"https:\/\/secure.gravatar.com\/avatar\/4d06ef453e73cf5edddcbb6bf454d99bfa7bf71e9b247f61a2aa7ff6e52f4f5a?s=96&d=mm&r=g","caption":"growme"},"sameAs":["https:\/\/www.algaevertical.com"],"url":"https:\/\/www.algaevertical.com\/pt-pt\/author\/growme\/"}]}},"_links":{"self":[{"href":"https:\/\/www.algaevertical.com\/pt-pt\/wp-json\/wp\/v2\/posts\/8362","targetHints":{"allow":["GET"]}}],"collection":[{"href":"https:\/\/www.algaevertical.com\/pt-pt\/wp-json\/wp\/v2\/posts"}],"about":[{"href":"https:\/\/www.algaevertical.com\/pt-pt\/wp-json\/wp\/v2\/types\/post"}],"author":[{"embeddable":true,"href":"https:\/\/www.algaevertical.com\/pt-pt\/wp-json\/wp\/v2\/users\/1"}],"replies":[{"embeddable":true,"href":"https:\/\/www.algaevertical.com\/pt-pt\/wp-json\/wp\/v2\/comments?post=8362"}],"version-history":[{"count":1,"href":"https:\/\/www.algaevertical.com\/pt-pt\/wp-json\/wp\/v2\/posts\/8362\/revisions"}],"predecessor-version":[{"id":8366,"href":"https:\/\/www.algaevertical.com\/pt-pt\/wp-json\/wp\/v2\/posts\/8362\/revisions\/8366"}],"wp:featuredmedia":[{"embeddable":true,"href":"https:\/\/www.algaevertical.com\/pt-pt\/wp-json\/wp\/v2\/media\/8363"}],"wp:attachment":[{"href":"https:\/\/www.algaevertical.com\/pt-pt\/wp-json\/wp\/v2\/media?parent=8362"}],"wp:term":[{"taxonomy":"category","embeddable":true,"href":"https:\/\/www.algaevertical.com\/pt-pt\/wp-json\/wp\/v2\/categories?post=8362"},{"taxonomy":"post_tag","embeddable":true,"href":"https:\/\/www.algaevertical.com\/pt-pt\/wp-json\/wp\/v2\/tags?post=8362"}],"curies":[{"name":"wp","href":"https:\/\/api.w.org\/{rel}","templated":true}]}}