{"id":8392,"date":"2025-06-17T19:38:44","date_gmt":"2025-06-17T19:38:44","guid":{"rendered":"https:\/\/www.algaevertical.com\/?p=8392"},"modified":"2025-07-30T10:11:56","modified_gmt":"2025-07-30T10:11:56","slug":"estudantes-finlandeses-visitam-o-mare","status":"publish","type":"post","link":"https:\/\/www.algaevertical.com\/pt-pt\/estudantes-finlandeses-visitam-o-mare\/","title":{"rendered":"Estudantes finlandeses visitam o MARE"},"content":{"rendered":"<p>Cinco estudantes finlandeses, vencedores do concurso nacional Spring na Finl\u00e2ndia, visitaram o <a href=\"https:\/\/www.mare-centre.pt\/en\/finlandinmare\">MARE \u2013 Centro de Ci\u00eancias do Mar e do Ambiente<\/a> e a <a href=\"https:\/\/ciencias.ulisboa.pt\/\">Faculdade de Ci\u00eancias da Universidade de Lisboa (FCUL)<\/a> no passado dia 17 de junho. Acompanhados por Katariina Tonttila, da <a href=\"https:\/\/nuori.fi\/en\/foundation\/\">Children and Youth Foundation<\/a>, os jovens trouxeram na bagagem uma ideia original: refletores ecol\u00f3gicos feitos com pele e escamas de peixe, desenvolvidos para aumentar a seguran\u00e7a rodovi\u00e1ria no seu pa\u00eds, onde a escurid\u00e3o domina durante muitos meses do ano.<\/p>\n<p>Durante a visita, os estudantes conheceram a <a href=\"https:\/\/ciencias.ulisboa.pt\/pt\/noticia\/03-02-2014\/alisu-algoteca-da-universidade-de-lisboa\">Algoteca &#8211; Laborat\u00f3rio Alisu<\/a>, uma cole\u00e7\u00e3o viva de microalgas coordenada por Ana Amorim, professora auxiliar na Faculdade de Ci\u00eancias da Universidade de Lisboa e curadora deste laborat\u00f3rio. Tiveram a oportunidade de observar fitopl\u00e2ncton marinho ao microsc\u00f3pio e explorar o potencial das algas em \u00e1reas como alimenta\u00e7\u00e3o, cosm\u00e9tica e biotecnologia.<br \/>\nEsta visita motivou uma troca de experi\u00eancias: mostrou como a liga\u00e7\u00e3o entre juventude, inova\u00e7\u00e3o e investiga\u00e7\u00e3o pode abrir caminho para solu\u00e7\u00f5es sustent\u00e1veis com impacto real.<\/p>\n","protected":false},"excerpt":{"rendered":"<p>Cinco estudantes finlandeses, vencedores do concurso nacional Spring na Finl\u00e2ndia, visitaram o MARE \u2013 Centro de Ci\u00eancias do Mar e do Ambiente e a Faculdade de Ci\u00eancias da Universidade de Lisboa (FCUL) no passado dia 17 de junho. Acompanhados por Katariina Tonttila, da Children and Youth Foundation, os jovens trouxeram na bagagem uma ideia original: [&hellip;]<\/p>\n","protected":false},"author":1,"featured_media":8390,"comment_status":"closed","ping_status":"closed","sticky":false,"template":"","format":"standard","meta":{"_acf_changed":false,"footnotes":""},"categories":[88],"tags":[],"class_list":["post-8392","post","type-post","status-publish","format-standard","has-post-thumbnail","hentry","category-noticias"],"acf":[],"yoast_head":"<!-- This site is optimized with the Yoast SEO plugin v27.2 - https:\/\/yoast.com\/product\/yoast-seo-wordpress\/ -->\n<title>Estudantes finlandeses visitam o MARE - Algae Vertical<\/title>\n<meta name=\"description\" content=\"Cinco estudantes finlandeses, vencedores do concurso nacional Spring na Finl\u00e2ndia, visitaram o MARE \u2013 Centro de Ci\u00eancias do Mar.. Leia mais\" \/>\n<meta name=\"robots\" content=\"index, follow, max-snippet:-1, max-image-preview:large, max-video-preview:-1\" \/>\n<link rel=\"canonical\" href=\"https:\/\/www.algaevertical.com\/pt-pt\/estudantes-finlandeses-visitam-o-mare\/\" \/>\n<meta property=\"og:locale\" content=\"pt_PT\" \/>\n<meta property=\"og:type\" content=\"article\" \/>\n<meta property=\"og:title\" content=\"Estudantes finlandeses visitam o MARE - Algae Vertical\" \/>\n<meta property=\"og:description\" content=\"Cinco estudantes finlandeses, vencedores do concurso nacional Spring na Finl\u00e2ndia, visitaram o MARE \u2013 Centro de Ci\u00eancias do Mar.. Leia mais\" \/>\n<meta property=\"og:url\" content=\"https:\/\/www.algaevertical.com\/pt-pt\/estudantes-finlandeses-visitam-o-mare\/\" \/>\n<meta property=\"og:site_name\" content=\"Algae Vertical\" \/>\n<meta property=\"article:published_time\" content=\"2025-06-17T19:38:44+00:00\" \/>\n<meta property=\"article:modified_time\" content=\"2025-07-30T10:11:56+00:00\" \/>\n<meta property=\"og:image\" content=\"https:\/\/www.algaevertical.com\/wp-content\/uploads\/2025\/07\/FCiencias.jpg\" \/>\n\t<meta property=\"og:image:width\" content=\"1080\" \/>\n\t<meta property=\"og:image:height\" content=\"1080\" \/>\n\t<meta property=\"og:image:type\" content=\"image\/jpeg\" \/>\n<meta name=\"author\" content=\"growme\" \/>\n<meta name=\"twitter:card\" content=\"summary_large_image\" \/>\n<meta name=\"twitter:label1\" content=\"Escrito por\" \/>\n\t<meta name=\"twitter:data1\" content=\"growme\" \/>\n\t<meta name=\"twitter:label2\" content=\"Tempo estimado de leitura\" \/>\n\t<meta name=\"twitter:data2\" content=\"1 minuto\" \/>\n<script type=\"application\/ld+json\" class=\"yoast-schema-graph\">{\"@context\":\"https:\/\/schema.org\",\"@graph\":[{\"@type\":\"Article\",\"@id\":\"https:\/\/www.algaevertical.com\/pt-pt\/estudantes-finlandeses-visitam-o-mare\/#article\",\"isPartOf\":{\"@id\":\"https:\/\/www.algaevertical.com\/pt-pt\/estudantes-finlandeses-visitam-o-mare\/\"},\"author\":{\"name\":\"growme\",\"@id\":\"https:\/\/www.algaevertical.com\/pt-pt\/#\/schema\/person\/aa0954baa4f1cc7852d347e6dde9d839\"},\"headline\":\"Estudantes finlandeses visitam o MARE\",\"datePublished\":\"2025-06-17T19:38:44+00:00\",\"dateModified\":\"2025-07-30T10:11:56+00:00\",\"mainEntityOfPage\":{\"@id\":\"https:\/\/www.algaevertical.com\/pt-pt\/estudantes-finlandeses-visitam-o-mare\/\"},\"wordCount\":188,\"image\":{\"@id\":\"https:\/\/www.algaevertical.com\/pt-pt\/estudantes-finlandeses-visitam-o-mare\/#primaryimage\"},\"thumbnailUrl\":\"https:\/\/www.algaevertical.com\/wp-content\/uploads\/2025\/07\/FCiencias.jpg\",\"articleSection\":[\"Noticias\"],\"inLanguage\":\"pt-PT\"},{\"@type\":\"WebPage\",\"@id\":\"https:\/\/www.algaevertical.com\/pt-pt\/estudantes-finlandeses-visitam-o-mare\/\",\"url\":\"https:\/\/www.algaevertical.com\/pt-pt\/estudantes-finlandeses-visitam-o-mare\/\",\"name\":\"Estudantes finlandeses visitam o MARE - Algae Vertical\",\"isPartOf\":{\"@id\":\"https:\/\/www.algaevertical.com\/pt-pt\/#website\"},\"primaryImageOfPage\":{\"@id\":\"https:\/\/www.algaevertical.com\/pt-pt\/estudantes-finlandeses-visitam-o-mare\/#primaryimage\"},\"image\":{\"@id\":\"https:\/\/www.algaevertical.com\/pt-pt\/estudantes-finlandeses-visitam-o-mare\/#primaryimage\"},\"thumbnailUrl\":\"https:\/\/www.algaevertical.com\/wp-content\/uploads\/2025\/07\/FCiencias.jpg\",\"datePublished\":\"2025-06-17T19:38:44+00:00\",\"dateModified\":\"2025-07-30T10:11:56+00:00\",\"author\":{\"@id\":\"https:\/\/www.algaevertical.com\/pt-pt\/#\/schema\/person\/aa0954baa4f1cc7852d347e6dde9d839\"},\"description\":\"Cinco estudantes finlandeses, vencedores do concurso nacional Spring na Finl\u00e2ndia, visitaram o MARE \u2013 Centro de Ci\u00eancias do Mar.. Leia mais\",\"breadcrumb\":{\"@id\":\"https:\/\/www.algaevertical.com\/pt-pt\/estudantes-finlandeses-visitam-o-mare\/#breadcrumb\"},\"inLanguage\":\"pt-PT\",\"potentialAction\":[{\"@type\":\"ReadAction\",\"target\":[\"https:\/\/www.algaevertical.com\/pt-pt\/estudantes-finlandeses-visitam-o-mare\/\"]}]},{\"@type\":\"ImageObject\",\"inLanguage\":\"pt-PT\",\"@id\":\"https:\/\/www.algaevertical.com\/pt-pt\/estudantes-finlandeses-visitam-o-mare\/#primaryimage\",\"url\":\"https:\/\/www.algaevertical.com\/wp-content\/uploads\/2025\/07\/FCiencias.jpg\",\"contentUrl\":\"https:\/\/www.algaevertical.com\/wp-content\/uploads\/2025\/07\/FCiencias.jpg\",\"width\":1080,\"height\":1080},{\"@type\":\"BreadcrumbList\",\"@id\":\"https:\/\/www.algaevertical.com\/pt-pt\/estudantes-finlandeses-visitam-o-mare\/#breadcrumb\",\"itemListElement\":[{\"@type\":\"ListItem\",\"position\":1,\"name\":\"In\u00edcio\",\"item\":\"https:\/\/www.algaevertical.com\/\"},{\"@type\":\"ListItem\",\"position\":2,\"name\":\"Estudantes finlandeses visitam o MARE\"}]},{\"@type\":\"WebSite\",\"@id\":\"https:\/\/www.algaevertical.com\/pt-pt\/#website\",\"url\":\"https:\/\/www.algaevertical.com\/pt-pt\/\",\"name\":\"Algae Vertical\",\"description\":\"Projecto AlgaeVertical\",\"potentialAction\":[{\"@type\":\"SearchAction\",\"target\":{\"@type\":\"EntryPoint\",\"urlTemplate\":\"https:\/\/www.algaevertical.com\/pt-pt\/?s={search_term_string}\"},\"query-input\":{\"@type\":\"PropertyValueSpecification\",\"valueRequired\":true,\"valueName\":\"search_term_string\"}}],\"inLanguage\":\"pt-PT\"},{\"@type\":\"Person\",\"@id\":\"https:\/\/www.algaevertical.com\/pt-pt\/#\/schema\/person\/aa0954baa4f1cc7852d347e6dde9d839\",\"name\":\"growme\",\"image\":{\"@type\":\"ImageObject\",\"inLanguage\":\"pt-PT\",\"@id\":\"https:\/\/secure.gravatar.com\/avatar\/4d06ef453e73cf5edddcbb6bf454d99bfa7bf71e9b247f61a2aa7ff6e52f4f5a?s=96&d=mm&r=g\",\"url\":\"https:\/\/secure.gravatar.com\/avatar\/4d06ef453e73cf5edddcbb6bf454d99bfa7bf71e9b247f61a2aa7ff6e52f4f5a?s=96&d=mm&r=g\",\"contentUrl\":\"https:\/\/secure.gravatar.com\/avatar\/4d06ef453e73cf5edddcbb6bf454d99bfa7bf71e9b247f61a2aa7ff6e52f4f5a?s=96&d=mm&r=g\",\"caption\":\"growme\"},\"sameAs\":[\"https:\/\/www.algaevertical.com\"],\"url\":\"https:\/\/www.algaevertical.com\/pt-pt\/author\/growme\/\"}]}<\/script>\n<!-- \/ Yoast SEO plugin. -->","yoast_head_json":{"title":"Estudantes finlandeses visitam o MARE - Algae Vertical","description":"Cinco estudantes finlandeses, vencedores do concurso nacional Spring na Finl\u00e2ndia, visitaram o MARE \u2013 Centro de Ci\u00eancias do Mar.. Leia mais","robots":{"index":"index","follow":"follow","max-snippet":"max-snippet:-1","max-image-preview":"max-image-preview:large","max-video-preview":"max-video-preview:-1"},"canonical":"https:\/\/www.algaevertical.com\/pt-pt\/estudantes-finlandeses-visitam-o-mare\/","og_locale":"pt_PT","og_type":"article","og_title":"Estudantes finlandeses visitam o MARE - Algae Vertical","og_description":"Cinco estudantes finlandeses, vencedores do concurso nacional Spring na Finl\u00e2ndia, visitaram o MARE \u2013 Centro de Ci\u00eancias do Mar.. Leia mais","og_url":"https:\/\/www.algaevertical.com\/pt-pt\/estudantes-finlandeses-visitam-o-mare\/","og_site_name":"Algae Vertical","article_published_time":"2025-06-17T19:38:44+00:00","article_modified_time":"2025-07-30T10:11:56+00:00","og_image":[{"width":1080,"height":1080,"url":"https:\/\/www.algaevertical.com\/wp-content\/uploads\/2025\/07\/FCiencias.jpg","type":"image\/jpeg"}],"author":"growme","twitter_card":"summary_large_image","twitter_misc":{"Escrito por":"growme","Tempo estimado de leitura":"1 minuto"},"schema":{"@context":"https:\/\/schema.org","@graph":[{"@type":"Article","@id":"https:\/\/www.algaevertical.com\/pt-pt\/estudantes-finlandeses-visitam-o-mare\/#article","isPartOf":{"@id":"https:\/\/www.algaevertical.com\/pt-pt\/estudantes-finlandeses-visitam-o-mare\/"},"author":{"name":"growme","@id":"https:\/\/www.algaevertical.com\/pt-pt\/#\/schema\/person\/aa0954baa4f1cc7852d347e6dde9d839"},"headline":"Estudantes finlandeses visitam o MARE","datePublished":"2025-06-17T19:38:44+00:00","dateModified":"2025-07-30T10:11:56+00:00","mainEntityOfPage":{"@id":"https:\/\/www.algaevertical.com\/pt-pt\/estudantes-finlandeses-visitam-o-mare\/"},"wordCount":188,"image":{"@id":"https:\/\/www.algaevertical.com\/pt-pt\/estudantes-finlandeses-visitam-o-mare\/#primaryimage"},"thumbnailUrl":"https:\/\/www.algaevertical.com\/wp-content\/uploads\/2025\/07\/FCiencias.jpg","articleSection":["Noticias"],"inLanguage":"pt-PT"},{"@type":"WebPage","@id":"https:\/\/www.algaevertical.com\/pt-pt\/estudantes-finlandeses-visitam-o-mare\/","url":"https:\/\/www.algaevertical.com\/pt-pt\/estudantes-finlandeses-visitam-o-mare\/","name":"Estudantes finlandeses visitam o MARE - Algae Vertical","isPartOf":{"@id":"https:\/\/www.algaevertical.com\/pt-pt\/#website"},"primaryImageOfPage":{"@id":"https:\/\/www.algaevertical.com\/pt-pt\/estudantes-finlandeses-visitam-o-mare\/#primaryimage"},"image":{"@id":"https:\/\/www.algaevertical.com\/pt-pt\/estudantes-finlandeses-visitam-o-mare\/#primaryimage"},"thumbnailUrl":"https:\/\/www.algaevertical.com\/wp-content\/uploads\/2025\/07\/FCiencias.jpg","datePublished":"2025-06-17T19:38:44+00:00","dateModified":"2025-07-30T10:11:56+00:00","author":{"@id":"https:\/\/www.algaevertical.com\/pt-pt\/#\/schema\/person\/aa0954baa4f1cc7852d347e6dde9d839"},"description":"Cinco estudantes finlandeses, vencedores do concurso nacional Spring na Finl\u00e2ndia, visitaram o MARE \u2013 Centro de Ci\u00eancias do Mar.. Leia mais","breadcrumb":{"@id":"https:\/\/www.algaevertical.com\/pt-pt\/estudantes-finlandeses-visitam-o-mare\/#breadcrumb"},"inLanguage":"pt-PT","potentialAction":[{"@type":"ReadAction","target":["https:\/\/www.algaevertical.com\/pt-pt\/estudantes-finlandeses-visitam-o-mare\/"]}]},{"@type":"ImageObject","inLanguage":"pt-PT","@id":"https:\/\/www.algaevertical.com\/pt-pt\/estudantes-finlandeses-visitam-o-mare\/#primaryimage","url":"https:\/\/www.algaevertical.com\/wp-content\/uploads\/2025\/07\/FCiencias.jpg","contentUrl":"https:\/\/www.algaevertical.com\/wp-content\/uploads\/2025\/07\/FCiencias.jpg","width":1080,"height":1080},{"@type":"BreadcrumbList","@id":"https:\/\/www.algaevertical.com\/pt-pt\/estudantes-finlandeses-visitam-o-mare\/#breadcrumb","itemListElement":[{"@type":"ListItem","position":1,"name":"In\u00edcio","item":"https:\/\/www.algaevertical.com\/"},{"@type":"ListItem","position":2,"name":"Estudantes finlandeses visitam o MARE"}]},{"@type":"WebSite","@id":"https:\/\/www.algaevertical.com\/pt-pt\/#website","url":"https:\/\/www.algaevertical.com\/pt-pt\/","name":"Algae Vertical","description":"Projecto AlgaeVertical","potentialAction":[{"@type":"SearchAction","target":{"@type":"EntryPoint","urlTemplate":"https:\/\/www.algaevertical.com\/pt-pt\/?s={search_term_string}"},"query-input":{"@type":"PropertyValueSpecification","valueRequired":true,"valueName":"search_term_string"}}],"inLanguage":"pt-PT"},{"@type":"Person","@id":"https:\/\/www.algaevertical.com\/pt-pt\/#\/schema\/person\/aa0954baa4f1cc7852d347e6dde9d839","name":"growme","image":{"@type":"ImageObject","inLanguage":"pt-PT","@id":"https:\/\/secure.gravatar.com\/avatar\/4d06ef453e73cf5edddcbb6bf454d99bfa7bf71e9b247f61a2aa7ff6e52f4f5a?s=96&d=mm&r=g","url":"https:\/\/secure.gravatar.com\/avatar\/4d06ef453e73cf5edddcbb6bf454d99bfa7bf71e9b247f61a2aa7ff6e52f4f5a?s=96&d=mm&r=g","contentUrl":"https:\/\/secure.gravatar.com\/avatar\/4d06ef453e73cf5edddcbb6bf454d99bfa7bf71e9b247f61a2aa7ff6e52f4f5a?s=96&d=mm&r=g","caption":"growme"},"sameAs":["https:\/\/www.algaevertical.com"],"url":"https:\/\/www.algaevertical.com\/pt-pt\/author\/growme\/"}]}},"_links":{"self":[{"href":"https:\/\/www.algaevertical.com\/pt-pt\/wp-json\/wp\/v2\/posts\/8392","targetHints":{"allow":["GET"]}}],"collection":[{"href":"https:\/\/www.algaevertical.com\/pt-pt\/wp-json\/wp\/v2\/posts"}],"about":[{"href":"https:\/\/www.algaevertical.com\/pt-pt\/wp-json\/wp\/v2\/types\/post"}],"author":[{"embeddable":true,"href":"https:\/\/www.algaevertical.com\/pt-pt\/wp-json\/wp\/v2\/users\/1"}],"replies":[{"embeddable":true,"href":"https:\/\/www.algaevertical.com\/pt-pt\/wp-json\/wp\/v2\/comments?post=8392"}],"version-history":[{"count":1,"href":"https:\/\/www.algaevertical.com\/pt-pt\/wp-json\/wp\/v2\/posts\/8392\/revisions"}],"predecessor-version":[{"id":8396,"href":"https:\/\/www.algaevertical.com\/pt-pt\/wp-json\/wp\/v2\/posts\/8392\/revisions\/8396"}],"wp:featuredmedia":[{"embeddable":true,"href":"https:\/\/www.algaevertical.com\/pt-pt\/wp-json\/wp\/v2\/media\/8390"}],"wp:attachment":[{"href":"https:\/\/www.algaevertical.com\/pt-pt\/wp-json\/wp\/v2\/media?parent=8392"}],"wp:term":[{"taxonomy":"category","embeddable":true,"href":"https:\/\/www.algaevertical.com\/pt-pt\/wp-json\/wp\/v2\/categories?post=8392"},{"taxonomy":"post_tag","embeddable":true,"href":"https:\/\/www.algaevertical.com\/pt-pt\/wp-json\/wp\/v2\/tags?post=8392"}],"curies":[{"name":"wp","href":"https:\/\/api.w.org\/{rel}","templated":true}]}}