{"id":8540,"date":"2025-09-04T21:51:09","date_gmt":"2025-09-04T21:51:09","guid":{"rendered":"https:\/\/www.algaevertical.com\/?p=8540"},"modified":"2025-10-02T14:17:27","modified_gmt":"2025-10-02T14:17:27","slug":"algas-e-ciencia-no-festival-f-greencolab-leva-os-jovens-a-explorar-o-mundo-azul","status":"publish","type":"post","link":"https:\/\/www.algaevertical.com\/pt-pt\/algas-e-ciencia-no-festival-f-greencolab-leva-os-jovens-a-explorar-o-mundo-azul\/","title":{"rendered":"Algas e Ci\u00eancia no Festival F: GreenCoLab leva os jovens a explorar o mundo azul"},"content":{"rendered":"<p>A ci\u00eancia tamb\u00e9m teve um papel de destaque na 10.\u00aa edi\u00e7\u00e3o do <a href=\"https:\/\/www.festivalf.pt\/en\/menu\/1019\/festival.aspx\"><b>Festival F<\/b> <\/a>em Faro. O <a href=\"https:\/\/www.greencolab.com\/\"><b>GreenCoLab<\/b><\/a> esteve presente no espa\u00e7o <b>Fagar Kids F<\/b>, apresentando \u00e0s crian\u00e7as o fascinante mundo das algas por meio de uma s\u00e9rie de <b>atividades interativas e educativas<\/b>.<\/p>\n<p>Num festival conhecido pela sua import\u00e2ncia cultural e musical, pretendemos demonstrar que a ci\u00eancia tamb\u00e9m pode e deve estar presente, unindo mundos diferentes e refor\u00e7ando a ideia de que a ci\u00eancia tamb\u00e9m \u00e9 uma forma de conhecimento.<\/p>\n<p>Ao longo da\u00a0 1.\u00aa noite, crian\u00e7as dos <b>6 aos 10<\/b> anos participaram em experi\u00eancias inclusivas e criativas, que foram desde a observa\u00e7\u00e3o de algas ao microsc\u00f3pio at\u00e9 pequenos desafios sobre o seu papel na nossa vida. Conduzidos pela equipa de investigadores do <a href=\"http:\/\/greencolab.com\">GreenCoLab<\/a>, os pequenos cientistas mergulharam num universo cient\u00edfico e l\u00fadico, aprendendo como as algas, micro e macro, n\u00e3o s\u00f3 como uma parte essencial dos oceanos, como tamb\u00e9m a contribui\u00e7\u00e3o para solu\u00e7\u00f5es mais sustent\u00e1veis e inovadoras. Os participantes constru\u00edram um marcador de algas que levaram para casa.<\/p>\n<p>Al\u00e9m da experi\u00eancia no festival, cada participante levou para casa o livro ilustrado \u201c<b>O Verde do Azul: \u00c0 Descoberta das Algas\u201d<\/b>, publicado em parceria com a <a href=\"https:\/\/proalga.pt\/\"><b>PROALGA \u2013 Associa\u00e7\u00e3o Portuguesa de Produtores de Algas<\/b>,<\/a> permitindo-lhes continuar esta descoberta em casa com as suas fam\u00edlias.<\/p>\n<p><strong>O compromisso \u00e9 educar as gera\u00e7\u00f5es mais jovens, despertando o seu interesse pela ci\u00eancia e pelo papel central das algas na constru\u00e7\u00e3o de um futuro mais verde e sustent\u00e1vel.<\/strong><\/p>\n","protected":false},"excerpt":{"rendered":"<p>A ci\u00eancia tamb\u00e9m teve um papel de destaque na 10.\u00aa edi\u00e7\u00e3o do Festival F em Faro. O GreenCoLab esteve presente no espa\u00e7o Fagar Kids F, apresentando \u00e0s crian\u00e7as o fascinante mundo das algas por meio de uma s\u00e9rie de atividades interativas e educativas. Num festival conhecido pela sua import\u00e2ncia cultural e musical, pretendemos demonstrar que [&hellip;]<\/p>\n","protected":false},"author":1,"featured_media":8530,"comment_status":"closed","ping_status":"closed","sticky":false,"template":"","format":"standard","meta":{"_acf_changed":false,"footnotes":""},"categories":[88],"tags":[],"class_list":["post-8540","post","type-post","status-publish","format-standard","has-post-thumbnail","hentry","category-noticias"],"acf":[],"yoast_head":"<!-- This site is optimized with the Yoast SEO plugin v27.2 - https:\/\/yoast.com\/product\/yoast-seo-wordpress\/ -->\n<title>Noticias Algas e Ci\u00eancia no Festival F: GreenCoLab leva os jovens a explorar o mundo azul<\/title>\n<meta name=\"description\" content=\"A ci\u00eancia tamb\u00e9m teve um papel de destaque na 10.\u00aa edi\u00e7\u00e3o do Festival F em Faro. O GreenCoLab esteve presente no espa\u00e7o Fagar Kids F Leia mais\" \/>\n<meta name=\"robots\" content=\"index, follow, max-snippet:-1, max-image-preview:large, max-video-preview:-1\" \/>\n<link rel=\"canonical\" href=\"https:\/\/www.algaevertical.com\/pt-pt\/algas-e-ciencia-no-festival-f-greencolab-leva-os-jovens-a-explorar-o-mundo-azul\/\" \/>\n<meta property=\"og:locale\" content=\"pt_PT\" \/>\n<meta property=\"og:type\" content=\"article\" \/>\n<meta property=\"og:title\" content=\"Noticias Algas e Ci\u00eancia no Festival F: GreenCoLab leva os jovens a explorar o mundo azul\" \/>\n<meta property=\"og:description\" content=\"A ci\u00eancia tamb\u00e9m teve um papel de destaque na 10.\u00aa edi\u00e7\u00e3o do Festival F em Faro. O GreenCoLab esteve presente no espa\u00e7o Fagar Kids F Leia mais\" \/>\n<meta property=\"og:url\" content=\"https:\/\/www.algaevertical.com\/pt-pt\/algas-e-ciencia-no-festival-f-greencolab-leva-os-jovens-a-explorar-o-mundo-azul\/\" \/>\n<meta property=\"og:site_name\" content=\"Algae Vertical\" \/>\n<meta property=\"article:published_time\" content=\"2025-09-04T21:51:09+00:00\" \/>\n<meta property=\"article:modified_time\" content=\"2025-10-02T14:17:27+00:00\" \/>\n<meta property=\"og:image\" content=\"https:\/\/www.algaevertical.com\/wp-content\/uploads\/2025\/10\/Marcador.jpg\" \/>\n\t<meta property=\"og:image:width\" content=\"1500\" \/>\n\t<meta property=\"og:image:height\" content=\"2000\" \/>\n\t<meta property=\"og:image:type\" content=\"image\/jpeg\" \/>\n<meta name=\"author\" content=\"growme\" \/>\n<meta name=\"twitter:card\" content=\"summary_large_image\" \/>\n<meta name=\"twitter:label1\" content=\"Escrito por\" \/>\n\t<meta name=\"twitter:data1\" content=\"growme\" \/>\n\t<meta name=\"twitter:label2\" content=\"Tempo estimado de leitura\" \/>\n\t<meta name=\"twitter:data2\" content=\"1 minuto\" \/>\n<script type=\"application\/ld+json\" class=\"yoast-schema-graph\">{\"@context\":\"https:\/\/schema.org\",\"@graph\":[{\"@type\":\"Article\",\"@id\":\"https:\/\/www.algaevertical.com\/pt-pt\/algas-e-ciencia-no-festival-f-greencolab-leva-os-jovens-a-explorar-o-mundo-azul\/#article\",\"isPartOf\":{\"@id\":\"https:\/\/www.algaevertical.com\/pt-pt\/algas-e-ciencia-no-festival-f-greencolab-leva-os-jovens-a-explorar-o-mundo-azul\/\"},\"author\":{\"name\":\"growme\",\"@id\":\"https:\/\/www.algaevertical.com\/pt-pt\/#\/schema\/person\/aa0954baa4f1cc7852d347e6dde9d839\"},\"headline\":\"Algas e Ci\u00eancia no Festival F: GreenCoLab leva os jovens a explorar o mundo azul\",\"datePublished\":\"2025-09-04T21:51:09+00:00\",\"dateModified\":\"2025-10-02T14:17:27+00:00\",\"mainEntityOfPage\":{\"@id\":\"https:\/\/www.algaevertical.com\/pt-pt\/algas-e-ciencia-no-festival-f-greencolab-leva-os-jovens-a-explorar-o-mundo-azul\/\"},\"wordCount\":281,\"image\":{\"@id\":\"https:\/\/www.algaevertical.com\/pt-pt\/algas-e-ciencia-no-festival-f-greencolab-leva-os-jovens-a-explorar-o-mundo-azul\/#primaryimage\"},\"thumbnailUrl\":\"https:\/\/www.algaevertical.com\/wp-content\/uploads\/2025\/10\/Marcador.jpg\",\"articleSection\":[\"Noticias\"],\"inLanguage\":\"pt-PT\"},{\"@type\":\"WebPage\",\"@id\":\"https:\/\/www.algaevertical.com\/pt-pt\/algas-e-ciencia-no-festival-f-greencolab-leva-os-jovens-a-explorar-o-mundo-azul\/\",\"url\":\"https:\/\/www.algaevertical.com\/pt-pt\/algas-e-ciencia-no-festival-f-greencolab-leva-os-jovens-a-explorar-o-mundo-azul\/\",\"name\":\"Noticias Algas e Ci\u00eancia no Festival F: GreenCoLab leva os jovens a explorar o mundo azul\",\"isPartOf\":{\"@id\":\"https:\/\/www.algaevertical.com\/pt-pt\/#website\"},\"primaryImageOfPage\":{\"@id\":\"https:\/\/www.algaevertical.com\/pt-pt\/algas-e-ciencia-no-festival-f-greencolab-leva-os-jovens-a-explorar-o-mundo-azul\/#primaryimage\"},\"image\":{\"@id\":\"https:\/\/www.algaevertical.com\/pt-pt\/algas-e-ciencia-no-festival-f-greencolab-leva-os-jovens-a-explorar-o-mundo-azul\/#primaryimage\"},\"thumbnailUrl\":\"https:\/\/www.algaevertical.com\/wp-content\/uploads\/2025\/10\/Marcador.jpg\",\"datePublished\":\"2025-09-04T21:51:09+00:00\",\"dateModified\":\"2025-10-02T14:17:27+00:00\",\"author\":{\"@id\":\"https:\/\/www.algaevertical.com\/pt-pt\/#\/schema\/person\/aa0954baa4f1cc7852d347e6dde9d839\"},\"description\":\"A ci\u00eancia tamb\u00e9m teve um papel de destaque na 10.\u00aa edi\u00e7\u00e3o do Festival F em Faro. O GreenCoLab esteve presente no espa\u00e7o Fagar Kids F Leia mais\",\"breadcrumb\":{\"@id\":\"https:\/\/www.algaevertical.com\/pt-pt\/algas-e-ciencia-no-festival-f-greencolab-leva-os-jovens-a-explorar-o-mundo-azul\/#breadcrumb\"},\"inLanguage\":\"pt-PT\",\"potentialAction\":[{\"@type\":\"ReadAction\",\"target\":[\"https:\/\/www.algaevertical.com\/pt-pt\/algas-e-ciencia-no-festival-f-greencolab-leva-os-jovens-a-explorar-o-mundo-azul\/\"]}]},{\"@type\":\"ImageObject\",\"inLanguage\":\"pt-PT\",\"@id\":\"https:\/\/www.algaevertical.com\/pt-pt\/algas-e-ciencia-no-festival-f-greencolab-leva-os-jovens-a-explorar-o-mundo-azul\/#primaryimage\",\"url\":\"https:\/\/www.algaevertical.com\/wp-content\/uploads\/2025\/10\/Marcador.jpg\",\"contentUrl\":\"https:\/\/www.algaevertical.com\/wp-content\/uploads\/2025\/10\/Marcador.jpg\",\"width\":1500,\"height\":2000},{\"@type\":\"BreadcrumbList\",\"@id\":\"https:\/\/www.algaevertical.com\/pt-pt\/algas-e-ciencia-no-festival-f-greencolab-leva-os-jovens-a-explorar-o-mundo-azul\/#breadcrumb\",\"itemListElement\":[{\"@type\":\"ListItem\",\"position\":1,\"name\":\"In\u00edcio\",\"item\":\"https:\/\/www.algaevertical.com\/\"},{\"@type\":\"ListItem\",\"position\":2,\"name\":\"Algas e Ci\u00eancia no Festival F: GreenCoLab leva os jovens a explorar o mundo azul\"}]},{\"@type\":\"WebSite\",\"@id\":\"https:\/\/www.algaevertical.com\/pt-pt\/#website\",\"url\":\"https:\/\/www.algaevertical.com\/pt-pt\/\",\"name\":\"Algae Vertical\",\"description\":\"Projecto AlgaeVertical\",\"potentialAction\":[{\"@type\":\"SearchAction\",\"target\":{\"@type\":\"EntryPoint\",\"urlTemplate\":\"https:\/\/www.algaevertical.com\/pt-pt\/?s={search_term_string}\"},\"query-input\":{\"@type\":\"PropertyValueSpecification\",\"valueRequired\":true,\"valueName\":\"search_term_string\"}}],\"inLanguage\":\"pt-PT\"},{\"@type\":\"Person\",\"@id\":\"https:\/\/www.algaevertical.com\/pt-pt\/#\/schema\/person\/aa0954baa4f1cc7852d347e6dde9d839\",\"name\":\"growme\",\"image\":{\"@type\":\"ImageObject\",\"inLanguage\":\"pt-PT\",\"@id\":\"https:\/\/secure.gravatar.com\/avatar\/4d06ef453e73cf5edddcbb6bf454d99bfa7bf71e9b247f61a2aa7ff6e52f4f5a?s=96&d=mm&r=g\",\"url\":\"https:\/\/secure.gravatar.com\/avatar\/4d06ef453e73cf5edddcbb6bf454d99bfa7bf71e9b247f61a2aa7ff6e52f4f5a?s=96&d=mm&r=g\",\"contentUrl\":\"https:\/\/secure.gravatar.com\/avatar\/4d06ef453e73cf5edddcbb6bf454d99bfa7bf71e9b247f61a2aa7ff6e52f4f5a?s=96&d=mm&r=g\",\"caption\":\"growme\"},\"sameAs\":[\"https:\/\/www.algaevertical.com\"],\"url\":\"https:\/\/www.algaevertical.com\/pt-pt\/author\/growme\/\"}]}<\/script>\n<!-- \/ Yoast SEO plugin. -->","yoast_head_json":{"title":"Noticias Algas e Ci\u00eancia no Festival F: GreenCoLab leva os jovens a explorar o mundo azul","description":"A ci\u00eancia tamb\u00e9m teve um papel de destaque na 10.\u00aa edi\u00e7\u00e3o do Festival F em Faro. O GreenCoLab esteve presente no espa\u00e7o Fagar Kids F Leia mais","robots":{"index":"index","follow":"follow","max-snippet":"max-snippet:-1","max-image-preview":"max-image-preview:large","max-video-preview":"max-video-preview:-1"},"canonical":"https:\/\/www.algaevertical.com\/pt-pt\/algas-e-ciencia-no-festival-f-greencolab-leva-os-jovens-a-explorar-o-mundo-azul\/","og_locale":"pt_PT","og_type":"article","og_title":"Noticias Algas e Ci\u00eancia no Festival F: GreenCoLab leva os jovens a explorar o mundo azul","og_description":"A ci\u00eancia tamb\u00e9m teve um papel de destaque na 10.\u00aa edi\u00e7\u00e3o do Festival F em Faro. O GreenCoLab esteve presente no espa\u00e7o Fagar Kids F Leia mais","og_url":"https:\/\/www.algaevertical.com\/pt-pt\/algas-e-ciencia-no-festival-f-greencolab-leva-os-jovens-a-explorar-o-mundo-azul\/","og_site_name":"Algae Vertical","article_published_time":"2025-09-04T21:51:09+00:00","article_modified_time":"2025-10-02T14:17:27+00:00","og_image":[{"width":1500,"height":2000,"url":"https:\/\/www.algaevertical.com\/wp-content\/uploads\/2025\/10\/Marcador.jpg","type":"image\/jpeg"}],"author":"growme","twitter_card":"summary_large_image","twitter_misc":{"Escrito por":"growme","Tempo estimado de leitura":"1 minuto"},"schema":{"@context":"https:\/\/schema.org","@graph":[{"@type":"Article","@id":"https:\/\/www.algaevertical.com\/pt-pt\/algas-e-ciencia-no-festival-f-greencolab-leva-os-jovens-a-explorar-o-mundo-azul\/#article","isPartOf":{"@id":"https:\/\/www.algaevertical.com\/pt-pt\/algas-e-ciencia-no-festival-f-greencolab-leva-os-jovens-a-explorar-o-mundo-azul\/"},"author":{"name":"growme","@id":"https:\/\/www.algaevertical.com\/pt-pt\/#\/schema\/person\/aa0954baa4f1cc7852d347e6dde9d839"},"headline":"Algas e Ci\u00eancia no Festival F: GreenCoLab leva os jovens a explorar o mundo azul","datePublished":"2025-09-04T21:51:09+00:00","dateModified":"2025-10-02T14:17:27+00:00","mainEntityOfPage":{"@id":"https:\/\/www.algaevertical.com\/pt-pt\/algas-e-ciencia-no-festival-f-greencolab-leva-os-jovens-a-explorar-o-mundo-azul\/"},"wordCount":281,"image":{"@id":"https:\/\/www.algaevertical.com\/pt-pt\/algas-e-ciencia-no-festival-f-greencolab-leva-os-jovens-a-explorar-o-mundo-azul\/#primaryimage"},"thumbnailUrl":"https:\/\/www.algaevertical.com\/wp-content\/uploads\/2025\/10\/Marcador.jpg","articleSection":["Noticias"],"inLanguage":"pt-PT"},{"@type":"WebPage","@id":"https:\/\/www.algaevertical.com\/pt-pt\/algas-e-ciencia-no-festival-f-greencolab-leva-os-jovens-a-explorar-o-mundo-azul\/","url":"https:\/\/www.algaevertical.com\/pt-pt\/algas-e-ciencia-no-festival-f-greencolab-leva-os-jovens-a-explorar-o-mundo-azul\/","name":"Noticias Algas e Ci\u00eancia no Festival F: GreenCoLab leva os jovens a explorar o mundo azul","isPartOf":{"@id":"https:\/\/www.algaevertical.com\/pt-pt\/#website"},"primaryImageOfPage":{"@id":"https:\/\/www.algaevertical.com\/pt-pt\/algas-e-ciencia-no-festival-f-greencolab-leva-os-jovens-a-explorar-o-mundo-azul\/#primaryimage"},"image":{"@id":"https:\/\/www.algaevertical.com\/pt-pt\/algas-e-ciencia-no-festival-f-greencolab-leva-os-jovens-a-explorar-o-mundo-azul\/#primaryimage"},"thumbnailUrl":"https:\/\/www.algaevertical.com\/wp-content\/uploads\/2025\/10\/Marcador.jpg","datePublished":"2025-09-04T21:51:09+00:00","dateModified":"2025-10-02T14:17:27+00:00","author":{"@id":"https:\/\/www.algaevertical.com\/pt-pt\/#\/schema\/person\/aa0954baa4f1cc7852d347e6dde9d839"},"description":"A ci\u00eancia tamb\u00e9m teve um papel de destaque na 10.\u00aa edi\u00e7\u00e3o do Festival F em Faro. O GreenCoLab esteve presente no espa\u00e7o Fagar Kids F Leia mais","breadcrumb":{"@id":"https:\/\/www.algaevertical.com\/pt-pt\/algas-e-ciencia-no-festival-f-greencolab-leva-os-jovens-a-explorar-o-mundo-azul\/#breadcrumb"},"inLanguage":"pt-PT","potentialAction":[{"@type":"ReadAction","target":["https:\/\/www.algaevertical.com\/pt-pt\/algas-e-ciencia-no-festival-f-greencolab-leva-os-jovens-a-explorar-o-mundo-azul\/"]}]},{"@type":"ImageObject","inLanguage":"pt-PT","@id":"https:\/\/www.algaevertical.com\/pt-pt\/algas-e-ciencia-no-festival-f-greencolab-leva-os-jovens-a-explorar-o-mundo-azul\/#primaryimage","url":"https:\/\/www.algaevertical.com\/wp-content\/uploads\/2025\/10\/Marcador.jpg","contentUrl":"https:\/\/www.algaevertical.com\/wp-content\/uploads\/2025\/10\/Marcador.jpg","width":1500,"height":2000},{"@type":"BreadcrumbList","@id":"https:\/\/www.algaevertical.com\/pt-pt\/algas-e-ciencia-no-festival-f-greencolab-leva-os-jovens-a-explorar-o-mundo-azul\/#breadcrumb","itemListElement":[{"@type":"ListItem","position":1,"name":"In\u00edcio","item":"https:\/\/www.algaevertical.com\/"},{"@type":"ListItem","position":2,"name":"Algas e Ci\u00eancia no Festival F: GreenCoLab leva os jovens a explorar o mundo azul"}]},{"@type":"WebSite","@id":"https:\/\/www.algaevertical.com\/pt-pt\/#website","url":"https:\/\/www.algaevertical.com\/pt-pt\/","name":"Algae Vertical","description":"Projecto AlgaeVertical","potentialAction":[{"@type":"SearchAction","target":{"@type":"EntryPoint","urlTemplate":"https:\/\/www.algaevertical.com\/pt-pt\/?s={search_term_string}"},"query-input":{"@type":"PropertyValueSpecification","valueRequired":true,"valueName":"search_term_string"}}],"inLanguage":"pt-PT"},{"@type":"Person","@id":"https:\/\/www.algaevertical.com\/pt-pt\/#\/schema\/person\/aa0954baa4f1cc7852d347e6dde9d839","name":"growme","image":{"@type":"ImageObject","inLanguage":"pt-PT","@id":"https:\/\/secure.gravatar.com\/avatar\/4d06ef453e73cf5edddcbb6bf454d99bfa7bf71e9b247f61a2aa7ff6e52f4f5a?s=96&d=mm&r=g","url":"https:\/\/secure.gravatar.com\/avatar\/4d06ef453e73cf5edddcbb6bf454d99bfa7bf71e9b247f61a2aa7ff6e52f4f5a?s=96&d=mm&r=g","contentUrl":"https:\/\/secure.gravatar.com\/avatar\/4d06ef453e73cf5edddcbb6bf454d99bfa7bf71e9b247f61a2aa7ff6e52f4f5a?s=96&d=mm&r=g","caption":"growme"},"sameAs":["https:\/\/www.algaevertical.com"],"url":"https:\/\/www.algaevertical.com\/pt-pt\/author\/growme\/"}]}},"_links":{"self":[{"href":"https:\/\/www.algaevertical.com\/pt-pt\/wp-json\/wp\/v2\/posts\/8540","targetHints":{"allow":["GET"]}}],"collection":[{"href":"https:\/\/www.algaevertical.com\/pt-pt\/wp-json\/wp\/v2\/posts"}],"about":[{"href":"https:\/\/www.algaevertical.com\/pt-pt\/wp-json\/wp\/v2\/types\/post"}],"author":[{"embeddable":true,"href":"https:\/\/www.algaevertical.com\/pt-pt\/wp-json\/wp\/v2\/users\/1"}],"replies":[{"embeddable":true,"href":"https:\/\/www.algaevertical.com\/pt-pt\/wp-json\/wp\/v2\/comments?post=8540"}],"version-history":[{"count":2,"href":"https:\/\/www.algaevertical.com\/pt-pt\/wp-json\/wp\/v2\/posts\/8540\/revisions"}],"predecessor-version":[{"id":8542,"href":"https:\/\/www.algaevertical.com\/pt-pt\/wp-json\/wp\/v2\/posts\/8540\/revisions\/8542"}],"wp:featuredmedia":[{"embeddable":true,"href":"https:\/\/www.algaevertical.com\/pt-pt\/wp-json\/wp\/v2\/media\/8530"}],"wp:attachment":[{"href":"https:\/\/www.algaevertical.com\/pt-pt\/wp-json\/wp\/v2\/media?parent=8540"}],"wp:term":[{"taxonomy":"category","embeddable":true,"href":"https:\/\/www.algaevertical.com\/pt-pt\/wp-json\/wp\/v2\/categories?post=8540"},{"taxonomy":"post_tag","embeddable":true,"href":"https:\/\/www.algaevertical.com\/pt-pt\/wp-json\/wp\/v2\/tags?post=8540"}],"curies":[{"name":"wp","href":"https:\/\/api.w.org\/{rel}","templated":true}]}}