{"id":8544,"date":"2025-09-10T16:21:33","date_gmt":"2025-09-10T16:21:33","guid":{"rendered":"https:\/\/www.algaevertical.com\/?p=8544"},"modified":"2025-10-02T14:50:27","modified_gmt":"2025-10-02T14:50:27","slug":"o-regresso-dos-workshops-culinarios-algas-no-menu","status":"publish","type":"post","link":"https:\/\/www.algaevertical.com\/pt-pt\/o-regresso-dos-workshops-culinarios-algas-no-menu\/","title":{"rendered":"O regresso dos Workshops Culin\u00e1rios &#8220;Algas no Menu&#8221;"},"content":{"rendered":"<p>Em setembro, o <a href=\"https:\/\/www.greencolab.com\/\"><b>GreenCoLab<\/b><\/a>, como parte do <b>SP7 \u2013 Divulga\u00e7\u00e3o Alargada<\/b>, e o <b>SP4b, representado pela Engenheira Alimentar Kricelle Deamici, l\u00edder do Grupo de Trabalho de Alimenta\u00e7\u00e3o e Nutri\u00e7\u00e3o do GreenCoLab, <\/b>organizou mais um <b>workshop culin\u00e1rio dedicado \u00e0s algas marinhas<\/b>, em colabora\u00e7\u00e3o com o chef <b>Leonel Pereira<\/b>, do restaurante CheckIn, em Faro, parceiro do GreenCoLab. Dez novos entusiastas da culin\u00e1ria participaram nesta sess\u00e3o, onde tiveram a oportunidade de aprender a incorporar algas marinhas nas suas receitas di\u00e1rias.<\/p>\n<p>Mais do que uma experi\u00eancia gastron\u00f3mica, estes workshops desempenham um papel crucial na <b>promo\u00e7\u00e3o da sustentabilidade e da consci\u00eancia ambiental atrav\u00e9s da educa\u00e7\u00e3o<\/b>. Ao explorar o potencial das algas marinhas como ingrediente vers\u00e1til, nutritivo e inovador, os participantes tamb\u00e9m s\u00e3o sensibilizados para o impacto positivo que o consumo de recursos marinhos sustent\u00e1veis pode ter na preserva\u00e7\u00e3o dos ecossistemas e na ado\u00e7\u00e3o de estilos de vida mais respons\u00e1veis.<\/p>\n<p>Desta forma, promovemos n\u00e3o s\u00f3 a <b>inova\u00e7\u00e3o culin\u00e1ria<\/b>, mas tamb\u00e9m a <b>transforma\u00e7\u00e3o dos h\u00e1bitos alimentares<\/b>, aproximando o p\u00fablico da ci\u00eancia e da sustentabilidade atrav\u00e9s de experi\u00eancias pr\u00e1ticas.<\/p>\n<p>&nbsp;<\/p>\n","protected":false},"excerpt":{"rendered":"<p>Em setembro, o GreenCoLab, como parte do SP7 \u2013 Divulga\u00e7\u00e3o Alargada, e o SP4b, representado pela Engenheira Alimentar Kricelle Deamici, l\u00edder do Grupo de Trabalho de Alimenta\u00e7\u00e3o e Nutri\u00e7\u00e3o do GreenCoLab, organizou mais um workshop culin\u00e1rio dedicado \u00e0s algas marinhas, em colabora\u00e7\u00e3o com o chef Leonel Pereira, do restaurante CheckIn, em Faro, parceiro do GreenCoLab. [&hellip;]<\/p>\n","protected":false},"author":1,"featured_media":8535,"comment_status":"closed","ping_status":"closed","sticky":false,"template":"","format":"standard","meta":{"_acf_changed":false,"footnotes":""},"categories":[88],"tags":[],"class_list":["post-8544","post","type-post","status-publish","format-standard","has-post-thumbnail","hentry","category-noticias"],"acf":[],"yoast_head":"<!-- This site is optimized with the Yoast SEO plugin v27.2 - https:\/\/yoast.com\/product\/yoast-seo-wordpress\/ -->\n<title>O regresso dos Workshops Culin\u00e1rios &quot;Algas no Menu&quot; - Algae Vertical<\/title>\n<meta name=\"description\" content=\"Em setembro, o GreenCoLab, como parte do SP7 \u2013 Divulga\u00e7\u00e3o Alargada, e o SP4b, representado pela Engenheira Alimentar Kricelle ... Leia mais\" \/>\n<meta name=\"robots\" content=\"index, follow, max-snippet:-1, max-image-preview:large, max-video-preview:-1\" \/>\n<link rel=\"canonical\" href=\"https:\/\/www.algaevertical.com\/pt-pt\/o-regresso-dos-workshops-culinarios-algas-no-menu\/\" \/>\n<meta property=\"og:locale\" content=\"pt_PT\" \/>\n<meta property=\"og:type\" content=\"article\" \/>\n<meta property=\"og:title\" content=\"O regresso dos Workshops Culin\u00e1rios &quot;Algas no Menu&quot; - Algae Vertical\" \/>\n<meta property=\"og:description\" content=\"Em setembro, o GreenCoLab, como parte do SP7 \u2013 Divulga\u00e7\u00e3o Alargada, e o SP4b, representado pela Engenheira Alimentar Kricelle ... Leia mais\" \/>\n<meta property=\"og:url\" content=\"https:\/\/www.algaevertical.com\/pt-pt\/o-regresso-dos-workshops-culinarios-algas-no-menu\/\" \/>\n<meta property=\"og:site_name\" content=\"Algae Vertical\" \/>\n<meta property=\"article:published_time\" content=\"2025-09-10T16:21:33+00:00\" \/>\n<meta property=\"article:modified_time\" content=\"2025-10-02T14:50:27+00:00\" \/>\n<meta property=\"og:image\" content=\"https:\/\/www.algaevertical.com\/wp-content\/uploads\/2025\/10\/IMG_8475-scaled.jpeg\" \/>\n\t<meta property=\"og:image:width\" content=\"1920\" \/>\n\t<meta property=\"og:image:height\" content=\"2560\" \/>\n\t<meta property=\"og:image:type\" content=\"image\/jpeg\" \/>\n<meta name=\"author\" content=\"growme\" \/>\n<meta name=\"twitter:card\" content=\"summary_large_image\" \/>\n<meta name=\"twitter:label1\" content=\"Escrito por\" \/>\n\t<meta name=\"twitter:data1\" content=\"growme\" \/>\n\t<meta name=\"twitter:label2\" content=\"Tempo estimado de leitura\" \/>\n\t<meta name=\"twitter:data2\" content=\"1 minuto\" \/>\n<script type=\"application\/ld+json\" class=\"yoast-schema-graph\">{\"@context\":\"https:\/\/schema.org\",\"@graph\":[{\"@type\":\"Article\",\"@id\":\"https:\/\/www.algaevertical.com\/pt-pt\/o-regresso-dos-workshops-culinarios-algas-no-menu\/#article\",\"isPartOf\":{\"@id\":\"https:\/\/www.algaevertical.com\/pt-pt\/o-regresso-dos-workshops-culinarios-algas-no-menu\/\"},\"author\":{\"name\":\"growme\",\"@id\":\"https:\/\/www.algaevertical.com\/pt-pt\/#\/schema\/person\/aa0954baa4f1cc7852d347e6dde9d839\"},\"headline\":\"O regresso dos Workshops Culin\u00e1rios &#8220;Algas no Menu&#8221;\",\"datePublished\":\"2025-09-10T16:21:33+00:00\",\"dateModified\":\"2025-10-02T14:50:27+00:00\",\"mainEntityOfPage\":{\"@id\":\"https:\/\/www.algaevertical.com\/pt-pt\/o-regresso-dos-workshops-culinarios-algas-no-menu\/\"},\"wordCount\":214,\"image\":{\"@id\":\"https:\/\/www.algaevertical.com\/pt-pt\/o-regresso-dos-workshops-culinarios-algas-no-menu\/#primaryimage\"},\"thumbnailUrl\":\"https:\/\/www.algaevertical.com\/wp-content\/uploads\/2025\/10\/IMG_8475-scaled.jpeg\",\"articleSection\":[\"Noticias\"],\"inLanguage\":\"pt-PT\"},{\"@type\":\"WebPage\",\"@id\":\"https:\/\/www.algaevertical.com\/pt-pt\/o-regresso-dos-workshops-culinarios-algas-no-menu\/\",\"url\":\"https:\/\/www.algaevertical.com\/pt-pt\/o-regresso-dos-workshops-culinarios-algas-no-menu\/\",\"name\":\"O regresso dos Workshops Culin\u00e1rios \\\"Algas no Menu\\\" - Algae Vertical\",\"isPartOf\":{\"@id\":\"https:\/\/www.algaevertical.com\/pt-pt\/#website\"},\"primaryImageOfPage\":{\"@id\":\"https:\/\/www.algaevertical.com\/pt-pt\/o-regresso-dos-workshops-culinarios-algas-no-menu\/#primaryimage\"},\"image\":{\"@id\":\"https:\/\/www.algaevertical.com\/pt-pt\/o-regresso-dos-workshops-culinarios-algas-no-menu\/#primaryimage\"},\"thumbnailUrl\":\"https:\/\/www.algaevertical.com\/wp-content\/uploads\/2025\/10\/IMG_8475-scaled.jpeg\",\"datePublished\":\"2025-09-10T16:21:33+00:00\",\"dateModified\":\"2025-10-02T14:50:27+00:00\",\"author\":{\"@id\":\"https:\/\/www.algaevertical.com\/pt-pt\/#\/schema\/person\/aa0954baa4f1cc7852d347e6dde9d839\"},\"description\":\"Em setembro, o GreenCoLab, como parte do SP7 \u2013 Divulga\u00e7\u00e3o Alargada, e o SP4b, representado pela Engenheira Alimentar Kricelle ... Leia mais\",\"breadcrumb\":{\"@id\":\"https:\/\/www.algaevertical.com\/pt-pt\/o-regresso-dos-workshops-culinarios-algas-no-menu\/#breadcrumb\"},\"inLanguage\":\"pt-PT\",\"potentialAction\":[{\"@type\":\"ReadAction\",\"target\":[\"https:\/\/www.algaevertical.com\/pt-pt\/o-regresso-dos-workshops-culinarios-algas-no-menu\/\"]}]},{\"@type\":\"ImageObject\",\"inLanguage\":\"pt-PT\",\"@id\":\"https:\/\/www.algaevertical.com\/pt-pt\/o-regresso-dos-workshops-culinarios-algas-no-menu\/#primaryimage\",\"url\":\"https:\/\/www.algaevertical.com\/wp-content\/uploads\/2025\/10\/IMG_8475-scaled.jpeg\",\"contentUrl\":\"https:\/\/www.algaevertical.com\/wp-content\/uploads\/2025\/10\/IMG_8475-scaled.jpeg\",\"width\":1920,\"height\":2560},{\"@type\":\"BreadcrumbList\",\"@id\":\"https:\/\/www.algaevertical.com\/pt-pt\/o-regresso-dos-workshops-culinarios-algas-no-menu\/#breadcrumb\",\"itemListElement\":[{\"@type\":\"ListItem\",\"position\":1,\"name\":\"In\u00edcio\",\"item\":\"https:\/\/www.algaevertical.com\/\"},{\"@type\":\"ListItem\",\"position\":2,\"name\":\"O regresso dos Workshops Culin\u00e1rios &#8220;Algas no Menu&#8221;\"}]},{\"@type\":\"WebSite\",\"@id\":\"https:\/\/www.algaevertical.com\/pt-pt\/#website\",\"url\":\"https:\/\/www.algaevertical.com\/pt-pt\/\",\"name\":\"Algae Vertical\",\"description\":\"Projecto AlgaeVertical\",\"potentialAction\":[{\"@type\":\"SearchAction\",\"target\":{\"@type\":\"EntryPoint\",\"urlTemplate\":\"https:\/\/www.algaevertical.com\/pt-pt\/?s={search_term_string}\"},\"query-input\":{\"@type\":\"PropertyValueSpecification\",\"valueRequired\":true,\"valueName\":\"search_term_string\"}}],\"inLanguage\":\"pt-PT\"},{\"@type\":\"Person\",\"@id\":\"https:\/\/www.algaevertical.com\/pt-pt\/#\/schema\/person\/aa0954baa4f1cc7852d347e6dde9d839\",\"name\":\"growme\",\"image\":{\"@type\":\"ImageObject\",\"inLanguage\":\"pt-PT\",\"@id\":\"https:\/\/secure.gravatar.com\/avatar\/4d06ef453e73cf5edddcbb6bf454d99bfa7bf71e9b247f61a2aa7ff6e52f4f5a?s=96&d=mm&r=g\",\"url\":\"https:\/\/secure.gravatar.com\/avatar\/4d06ef453e73cf5edddcbb6bf454d99bfa7bf71e9b247f61a2aa7ff6e52f4f5a?s=96&d=mm&r=g\",\"contentUrl\":\"https:\/\/secure.gravatar.com\/avatar\/4d06ef453e73cf5edddcbb6bf454d99bfa7bf71e9b247f61a2aa7ff6e52f4f5a?s=96&d=mm&r=g\",\"caption\":\"growme\"},\"sameAs\":[\"https:\/\/www.algaevertical.com\"],\"url\":\"https:\/\/www.algaevertical.com\/pt-pt\/author\/growme\/\"}]}<\/script>\n<!-- \/ Yoast SEO plugin. -->","yoast_head_json":{"title":"O regresso dos Workshops Culin\u00e1rios \"Algas no Menu\" - Algae Vertical","description":"Em setembro, o GreenCoLab, como parte do SP7 \u2013 Divulga\u00e7\u00e3o Alargada, e o SP4b, representado pela Engenheira Alimentar Kricelle ... Leia mais","robots":{"index":"index","follow":"follow","max-snippet":"max-snippet:-1","max-image-preview":"max-image-preview:large","max-video-preview":"max-video-preview:-1"},"canonical":"https:\/\/www.algaevertical.com\/pt-pt\/o-regresso-dos-workshops-culinarios-algas-no-menu\/","og_locale":"pt_PT","og_type":"article","og_title":"O regresso dos Workshops Culin\u00e1rios \"Algas no Menu\" - Algae Vertical","og_description":"Em setembro, o GreenCoLab, como parte do SP7 \u2013 Divulga\u00e7\u00e3o Alargada, e o SP4b, representado pela Engenheira Alimentar Kricelle ... Leia mais","og_url":"https:\/\/www.algaevertical.com\/pt-pt\/o-regresso-dos-workshops-culinarios-algas-no-menu\/","og_site_name":"Algae Vertical","article_published_time":"2025-09-10T16:21:33+00:00","article_modified_time":"2025-10-02T14:50:27+00:00","og_image":[{"width":1920,"height":2560,"url":"https:\/\/www.algaevertical.com\/wp-content\/uploads\/2025\/10\/IMG_8475-scaled.jpeg","type":"image\/jpeg"}],"author":"growme","twitter_card":"summary_large_image","twitter_misc":{"Escrito por":"growme","Tempo estimado de leitura":"1 minuto"},"schema":{"@context":"https:\/\/schema.org","@graph":[{"@type":"Article","@id":"https:\/\/www.algaevertical.com\/pt-pt\/o-regresso-dos-workshops-culinarios-algas-no-menu\/#article","isPartOf":{"@id":"https:\/\/www.algaevertical.com\/pt-pt\/o-regresso-dos-workshops-culinarios-algas-no-menu\/"},"author":{"name":"growme","@id":"https:\/\/www.algaevertical.com\/pt-pt\/#\/schema\/person\/aa0954baa4f1cc7852d347e6dde9d839"},"headline":"O regresso dos Workshops Culin\u00e1rios &#8220;Algas no Menu&#8221;","datePublished":"2025-09-10T16:21:33+00:00","dateModified":"2025-10-02T14:50:27+00:00","mainEntityOfPage":{"@id":"https:\/\/www.algaevertical.com\/pt-pt\/o-regresso-dos-workshops-culinarios-algas-no-menu\/"},"wordCount":214,"image":{"@id":"https:\/\/www.algaevertical.com\/pt-pt\/o-regresso-dos-workshops-culinarios-algas-no-menu\/#primaryimage"},"thumbnailUrl":"https:\/\/www.algaevertical.com\/wp-content\/uploads\/2025\/10\/IMG_8475-scaled.jpeg","articleSection":["Noticias"],"inLanguage":"pt-PT"},{"@type":"WebPage","@id":"https:\/\/www.algaevertical.com\/pt-pt\/o-regresso-dos-workshops-culinarios-algas-no-menu\/","url":"https:\/\/www.algaevertical.com\/pt-pt\/o-regresso-dos-workshops-culinarios-algas-no-menu\/","name":"O regresso dos Workshops Culin\u00e1rios \"Algas no Menu\" - Algae Vertical","isPartOf":{"@id":"https:\/\/www.algaevertical.com\/pt-pt\/#website"},"primaryImageOfPage":{"@id":"https:\/\/www.algaevertical.com\/pt-pt\/o-regresso-dos-workshops-culinarios-algas-no-menu\/#primaryimage"},"image":{"@id":"https:\/\/www.algaevertical.com\/pt-pt\/o-regresso-dos-workshops-culinarios-algas-no-menu\/#primaryimage"},"thumbnailUrl":"https:\/\/www.algaevertical.com\/wp-content\/uploads\/2025\/10\/IMG_8475-scaled.jpeg","datePublished":"2025-09-10T16:21:33+00:00","dateModified":"2025-10-02T14:50:27+00:00","author":{"@id":"https:\/\/www.algaevertical.com\/pt-pt\/#\/schema\/person\/aa0954baa4f1cc7852d347e6dde9d839"},"description":"Em setembro, o GreenCoLab, como parte do SP7 \u2013 Divulga\u00e7\u00e3o Alargada, e o SP4b, representado pela Engenheira Alimentar Kricelle ... Leia mais","breadcrumb":{"@id":"https:\/\/www.algaevertical.com\/pt-pt\/o-regresso-dos-workshops-culinarios-algas-no-menu\/#breadcrumb"},"inLanguage":"pt-PT","potentialAction":[{"@type":"ReadAction","target":["https:\/\/www.algaevertical.com\/pt-pt\/o-regresso-dos-workshops-culinarios-algas-no-menu\/"]}]},{"@type":"ImageObject","inLanguage":"pt-PT","@id":"https:\/\/www.algaevertical.com\/pt-pt\/o-regresso-dos-workshops-culinarios-algas-no-menu\/#primaryimage","url":"https:\/\/www.algaevertical.com\/wp-content\/uploads\/2025\/10\/IMG_8475-scaled.jpeg","contentUrl":"https:\/\/www.algaevertical.com\/wp-content\/uploads\/2025\/10\/IMG_8475-scaled.jpeg","width":1920,"height":2560},{"@type":"BreadcrumbList","@id":"https:\/\/www.algaevertical.com\/pt-pt\/o-regresso-dos-workshops-culinarios-algas-no-menu\/#breadcrumb","itemListElement":[{"@type":"ListItem","position":1,"name":"In\u00edcio","item":"https:\/\/www.algaevertical.com\/"},{"@type":"ListItem","position":2,"name":"O regresso dos Workshops Culin\u00e1rios &#8220;Algas no Menu&#8221;"}]},{"@type":"WebSite","@id":"https:\/\/www.algaevertical.com\/pt-pt\/#website","url":"https:\/\/www.algaevertical.com\/pt-pt\/","name":"Algae Vertical","description":"Projecto AlgaeVertical","potentialAction":[{"@type":"SearchAction","target":{"@type":"EntryPoint","urlTemplate":"https:\/\/www.algaevertical.com\/pt-pt\/?s={search_term_string}"},"query-input":{"@type":"PropertyValueSpecification","valueRequired":true,"valueName":"search_term_string"}}],"inLanguage":"pt-PT"},{"@type":"Person","@id":"https:\/\/www.algaevertical.com\/pt-pt\/#\/schema\/person\/aa0954baa4f1cc7852d347e6dde9d839","name":"growme","image":{"@type":"ImageObject","inLanguage":"pt-PT","@id":"https:\/\/secure.gravatar.com\/avatar\/4d06ef453e73cf5edddcbb6bf454d99bfa7bf71e9b247f61a2aa7ff6e52f4f5a?s=96&d=mm&r=g","url":"https:\/\/secure.gravatar.com\/avatar\/4d06ef453e73cf5edddcbb6bf454d99bfa7bf71e9b247f61a2aa7ff6e52f4f5a?s=96&d=mm&r=g","contentUrl":"https:\/\/secure.gravatar.com\/avatar\/4d06ef453e73cf5edddcbb6bf454d99bfa7bf71e9b247f61a2aa7ff6e52f4f5a?s=96&d=mm&r=g","caption":"growme"},"sameAs":["https:\/\/www.algaevertical.com"],"url":"https:\/\/www.algaevertical.com\/pt-pt\/author\/growme\/"}]}},"_links":{"self":[{"href":"https:\/\/www.algaevertical.com\/pt-pt\/wp-json\/wp\/v2\/posts\/8544","targetHints":{"allow":["GET"]}}],"collection":[{"href":"https:\/\/www.algaevertical.com\/pt-pt\/wp-json\/wp\/v2\/posts"}],"about":[{"href":"https:\/\/www.algaevertical.com\/pt-pt\/wp-json\/wp\/v2\/types\/post"}],"author":[{"embeddable":true,"href":"https:\/\/www.algaevertical.com\/pt-pt\/wp-json\/wp\/v2\/users\/1"}],"replies":[{"embeddable":true,"href":"https:\/\/www.algaevertical.com\/pt-pt\/wp-json\/wp\/v2\/comments?post=8544"}],"version-history":[{"count":1,"href":"https:\/\/www.algaevertical.com\/pt-pt\/wp-json\/wp\/v2\/posts\/8544\/revisions"}],"predecessor-version":[{"id":8545,"href":"https:\/\/www.algaevertical.com\/pt-pt\/wp-json\/wp\/v2\/posts\/8544\/revisions\/8545"}],"wp:featuredmedia":[{"embeddable":true,"href":"https:\/\/www.algaevertical.com\/pt-pt\/wp-json\/wp\/v2\/media\/8535"}],"wp:attachment":[{"href":"https:\/\/www.algaevertical.com\/pt-pt\/wp-json\/wp\/v2\/media?parent=8544"}],"wp:term":[{"taxonomy":"category","embeddable":true,"href":"https:\/\/www.algaevertical.com\/pt-pt\/wp-json\/wp\/v2\/categories?post=8544"},{"taxonomy":"post_tag","embeddable":true,"href":"https:\/\/www.algaevertical.com\/pt-pt\/wp-json\/wp\/v2\/tags?post=8544"}],"curies":[{"name":"wp","href":"https:\/\/api.w.org\/{rel}","templated":true}]}}