{"id":8547,"date":"2025-09-25T20:52:40","date_gmt":"2025-09-25T20:52:40","guid":{"rendered":"https:\/\/www.algaevertical.com\/?p=8547"},"modified":"2025-10-02T15:27:49","modified_gmt":"2025-10-02T15:27:49","slug":"vertical-algas-na-aquaculture-europe-2025-inovacoes-em-aquacultura","status":"publish","type":"post","link":"https:\/\/www.algaevertical.com\/pt-pt\/vertical-algas-na-aquaculture-europe-2025-inovacoes-em-aquacultura\/","title":{"rendered":"Vertical Algas na Aquaculture Europe 2025: Inova\u00e7\u00f5es em Aquacultura"},"content":{"rendered":"<p>O projeto <b>Vertical Algas<\/b> teve uma presen\u00e7a not\u00e1vel na <a href=\"https:\/\/www.aquaeas.org\/Meeting\/AE2025\"><b>Aquaculture Europe 2025<\/b><\/a>, realizada em Val\u00eancia, de 22 a 25 de setembro. O evento atraiu cerca de <b>4.000 participantes<\/b>, incluindo cientistas, profissionais do setor, estudantes e parceiros estrat\u00e9gicos, tornando-se uma oportunidade \u00fanica para a troca de conhecimentos e partilha de experi\u00eancias.<\/p>\n<p>V\u00e1rios co-promotores apresentaram os resultados mais recentes das suas investiga\u00e7\u00f5es atrav\u00e9s de <b>posters cient\u00edficos<\/b> e <b>apresenta\u00e7\u00f5es orais<\/b>, destacando o papel da investiga\u00e7\u00e3o e da inova\u00e7\u00e3o no avan\u00e7o da aquacultura:<\/p>\n<h3 data-start=\"614\" data-end=\"627\">Posters<\/h3>\n<ul data-start=\"628\" data-end=\"1965\">\n<li data-start=\"628\" data-end=\"735\">\n<p data-start=\"630\" data-end=\"735\">Impact of transport on\u00a0<em>Laminaria ochroleuca<\/em>\u00a0seedlings for seaweed farming, Maria Francisca S\u00e1,\u00a0<a href=\"https:\/\/www.ciimar.up.pt\/\" target=\"_blank\" rel=\"external noopener noreferrer\" data-wpel-link=\"external\">CIIMAR<\/a><\/p>\n<\/li>\n<li data-start=\"736\" data-end=\"844\">\n<p data-start=\"738\" data-end=\"844\">First steps on<em>\u00a0Saccorhiza polyschides<\/em>\u00a0cultivation in Portugal\u2019s southern coast, M. A. P. Silva,\u00a0<a href=\"https:\/\/s2aquacolab.pt\/en\/\" target=\"_blank\" rel=\"external noopener noreferrer\" data-wpel-link=\"external\">S2AQUA<\/a><\/p>\n<\/li>\n<li data-start=\"845\" data-end=\"1009\">\n<p data-start=\"847\" data-end=\"1009\">Pilot-scale cultivation and growth assessment of a random mutagenesis-derived\u00a0<em>Phaeodactylum tricornutum<\/em>\u00a0strain for aquaculture applications, G. Bastos,\u00a0<a href=\"https:\/\/necton.pt\/en\/home-necton-en\/\" target=\"_blank\" rel=\"external noopener noreferrer\" data-wpel-link=\"external\">Necton<\/a><\/p>\n<\/li>\n<li data-start=\"1010\" data-end=\"1161\">\n<p data-start=\"1012\" data-end=\"1161\">Optimising microdiet performance for fish larvae: effects of binders and technical additives in fluidised bed agglomeration, Andr\u00e9 Santos,\u00a0<a href=\"https:\/\/www.sparos.pt\/\" target=\"_blank\" rel=\"external noopener noreferrer\" data-wpel-link=\"external\">SPAROS<\/a><\/p>\n<\/li>\n<li data-start=\"1162\" data-end=\"1342\">\n<p data-start=\"1164\" data-end=\"1342\">Dietary inclusion of\u00a0<em>Euglena gracilis\u00a0<\/em>bioactive compounds can modulate the European seabass immune responses following two different infection models, Benjamin Costas,\u00a0<a href=\"https:\/\/www.ciimar.up.pt\/\" target=\"_blank\" rel=\"external noopener noreferrer\" data-wpel-link=\"external\">CIIMAR<\/a><\/p>\n<\/li>\n<li data-start=\"1343\" data-end=\"1524\">\n<p data-start=\"1345\" data-end=\"1524\">Dietary microalgae extracts as functional ingredients in European seabass (<em>Dicentrarchus labrax<\/em>) juvenile diets: effects on immunity and disease resistance, Andr\u00e9 Cunha,\u00a0<a href=\"https:\/\/www.up.pt\/icbas\/pt\/\" target=\"_blank\" rel=\"external noopener noreferrer\" data-wpel-link=\"external\">ICBAS<\/a><\/p>\n<\/li>\n<li data-start=\"1525\" data-end=\"1703\">\n<p data-start=\"1527\" data-end=\"1703\">Different combinations of marine algae biorefined extracts as boosting strategies to improve European seabass (<em>Dicentrarchus labrax)<\/em>\u00a0juveniles immunity, Paulo Santos,\u00a0<a href=\"https:\/\/www.up.pt\/icbas\/pt\/\" target=\"_blank\" rel=\"external noopener noreferrer\" data-wpel-link=\"external\">ICBAS<\/a><\/p>\n<\/li>\n<li data-start=\"1704\" data-end=\"1833\">\n<p data-start=\"1706\" data-end=\"1833\">Size-specific gut mucosal responses to feed additives in European seabass<em>\u00a0(Dicentrarchus labrax)<\/em>, Rute C. F\u00e9lix,\u00a0<a href=\"https:\/\/www.greencolab.com\/\" target=\"_blank\" rel=\"external noopener noreferrer\" data-wpel-link=\"external\">GreenCoLab<\/a><\/p>\n<\/li>\n<li data-start=\"1834\" data-end=\"1965\">\n<p data-start=\"1836\" data-end=\"1965\">Stage-specific responses of Senegalese sole postlarvae to micro- and macroalgae dietary blends, C. Freitas de Oliveira,\u00a0<a href=\"https:\/\/ccmar.ualg.pt\/en\" target=\"_blank\" rel=\"external noopener noreferrer\" data-wpel-link=\"external\">CCMAR<\/a><\/p>\n<\/li>\n<\/ul>\n<h3>Apresenta\u00e7\u00f5es orais<\/h3>\n<ul data-start=\"1992\" data-end=\"2250\">\n<li data-start=\"1992\" data-end=\"2131\">\n<p data-start=\"1994\" data-end=\"2131\">Enhancing sole larval robustness with algae-based solutions: insights into growth, redox status and gut integrity, Aqsa Sharif,\u00a0<a href=\"https:\/\/ccmar.ualg.pt\/en\" target=\"_blank\" rel=\"external noopener noreferrer\" data-wpel-link=\"external\">CCMAR<\/a><\/p>\n<\/li>\n<li data-start=\"2132\" data-end=\"2250\">\n<p data-start=\"2134\" data-end=\"2250\">Potential and challenges of algae-based functional diets for enhancing seabream resilience, Rita Teod\u00f3sio,\u00a0<a href=\"https:\/\/ccmar.ualg.pt\/en\" target=\"_blank\" rel=\"external noopener noreferrer\" data-wpel-link=\"external\">CCMAR<\/a><\/p>\n<\/li>\n<\/ul>\n<p>Estes trabalhos refletem o compromisso, o rigor e a criatividade das equipas de investiga\u00e7\u00e3o, ao mesmo tempo, mostram o enorme potencial das algas e microalgas para impulsionar a aquacultura sustent\u00e1vel. Foi um verdadeiro privil\u00e9gio compartilhar conhecimento com <b>cientistas, parceiros da ind\u00fastria e todos os participantes<\/b>, num ambiente inspirador e colaborativo que refor\u00e7a o papel do setor na constru\u00e7\u00e3o de um futuro azul mais sustent\u00e1vel.<\/p>\n","protected":false},"excerpt":{"rendered":"<p>O projeto Vertical Algas teve uma presen\u00e7a not\u00e1vel na Aquaculture Europe 2025, realizada em Val\u00eancia, de 22 a 25 de setembro. O evento atraiu cerca de 4.000 participantes, incluindo cientistas, profissionais do setor, estudantes e parceiros estrat\u00e9gicos, tornando-se uma oportunidade \u00fanica para a troca de conhecimentos e partilha de experi\u00eancias. V\u00e1rios co-promotores apresentaram os resultados [&hellip;]<\/p>\n","protected":false},"author":1,"featured_media":8524,"comment_status":"closed","ping_status":"closed","sticky":false,"template":"","format":"standard","meta":{"_acf_changed":false,"footnotes":""},"categories":[88],"tags":[],"class_list":["post-8547","post","type-post","status-publish","format-standard","has-post-thumbnail","hentry","category-noticias"],"acf":[],"yoast_head":"<!-- This site is optimized with the Yoast SEO plugin v27.2 - https:\/\/yoast.com\/product\/yoast-seo-wordpress\/ -->\n<title>Algae Vertical Noticias -<\/title>\n<meta name=\"description\" content=\"O projeto Vertical Algas teve uma presen\u00e7a not\u00e1vel na Aquaculture Europe 2025, realizada em Val\u00eancia, de 22 a 25 de setembro...Leia Mais\" \/>\n<meta name=\"robots\" content=\"index, follow, max-snippet:-1, max-image-preview:large, max-video-preview:-1\" \/>\n<link rel=\"canonical\" href=\"https:\/\/www.algaevertical.com\/pt-pt\/vertical-algas-na-aquaculture-europe-2025-inovacoes-em-aquacultura\/\" \/>\n<meta property=\"og:locale\" content=\"pt_PT\" \/>\n<meta property=\"og:type\" content=\"article\" \/>\n<meta property=\"og:title\" content=\"Algae Vertical Noticias -\" \/>\n<meta property=\"og:description\" content=\"O projeto Vertical Algas teve uma presen\u00e7a not\u00e1vel na Aquaculture Europe 2025, realizada em Val\u00eancia, de 22 a 25 de setembro...Leia Mais\" \/>\n<meta property=\"og:url\" content=\"https:\/\/www.algaevertical.com\/pt-pt\/vertical-algas-na-aquaculture-europe-2025-inovacoes-em-aquacultura\/\" \/>\n<meta property=\"og:site_name\" content=\"Algae Vertical\" \/>\n<meta property=\"article:published_time\" content=\"2025-09-25T20:52:40+00:00\" \/>\n<meta property=\"article:modified_time\" content=\"2025-10-02T15:27:49+00:00\" \/>\n<meta property=\"og:image\" content=\"https:\/\/www.algaevertical.com\/wp-content\/uploads\/2025\/10\/Rita-Teodosio.jpeg\" \/>\n\t<meta property=\"og:image:width\" content=\"1600\" \/>\n\t<meta property=\"og:image:height\" content=\"900\" \/>\n\t<meta property=\"og:image:type\" content=\"image\/jpeg\" \/>\n<meta name=\"author\" content=\"growme\" \/>\n<meta name=\"twitter:card\" content=\"summary_large_image\" \/>\n<meta name=\"twitter:label1\" content=\"Escrito por\" \/>\n\t<meta name=\"twitter:data1\" content=\"growme\" \/>\n\t<meta name=\"twitter:label2\" content=\"Tempo estimado de leitura\" \/>\n\t<meta name=\"twitter:data2\" content=\"2 minutos\" \/>\n<script type=\"application\/ld+json\" class=\"yoast-schema-graph\">{\"@context\":\"https:\/\/schema.org\",\"@graph\":[{\"@type\":\"Article\",\"@id\":\"https:\/\/www.algaevertical.com\/pt-pt\/vertical-algas-na-aquaculture-europe-2025-inovacoes-em-aquacultura\/#article\",\"isPartOf\":{\"@id\":\"https:\/\/www.algaevertical.com\/pt-pt\/vertical-algas-na-aquaculture-europe-2025-inovacoes-em-aquacultura\/\"},\"author\":{\"name\":\"growme\",\"@id\":\"https:\/\/www.algaevertical.com\/pt-pt\/#\/schema\/person\/aa0954baa4f1cc7852d347e6dde9d839\"},\"headline\":\"Vertical Algas na Aquaculture Europe 2025: Inova\u00e7\u00f5es em Aquacultura\",\"datePublished\":\"2025-09-25T20:52:40+00:00\",\"dateModified\":\"2025-10-02T15:27:49+00:00\",\"mainEntityOfPage\":{\"@id\":\"https:\/\/www.algaevertical.com\/pt-pt\/vertical-algas-na-aquaculture-europe-2025-inovacoes-em-aquacultura\/\"},\"wordCount\":372,\"image\":{\"@id\":\"https:\/\/www.algaevertical.com\/pt-pt\/vertical-algas-na-aquaculture-europe-2025-inovacoes-em-aquacultura\/#primaryimage\"},\"thumbnailUrl\":\"https:\/\/www.algaevertical.com\/wp-content\/uploads\/2025\/10\/Rita-Teodosio.jpeg\",\"articleSection\":[\"Noticias\"],\"inLanguage\":\"pt-PT\"},{\"@type\":\"WebPage\",\"@id\":\"https:\/\/www.algaevertical.com\/pt-pt\/vertical-algas-na-aquaculture-europe-2025-inovacoes-em-aquacultura\/\",\"url\":\"https:\/\/www.algaevertical.com\/pt-pt\/vertical-algas-na-aquaculture-europe-2025-inovacoes-em-aquacultura\/\",\"name\":\"Algae Vertical Noticias -\",\"isPartOf\":{\"@id\":\"https:\/\/www.algaevertical.com\/pt-pt\/#website\"},\"primaryImageOfPage\":{\"@id\":\"https:\/\/www.algaevertical.com\/pt-pt\/vertical-algas-na-aquaculture-europe-2025-inovacoes-em-aquacultura\/#primaryimage\"},\"image\":{\"@id\":\"https:\/\/www.algaevertical.com\/pt-pt\/vertical-algas-na-aquaculture-europe-2025-inovacoes-em-aquacultura\/#primaryimage\"},\"thumbnailUrl\":\"https:\/\/www.algaevertical.com\/wp-content\/uploads\/2025\/10\/Rita-Teodosio.jpeg\",\"datePublished\":\"2025-09-25T20:52:40+00:00\",\"dateModified\":\"2025-10-02T15:27:49+00:00\",\"author\":{\"@id\":\"https:\/\/www.algaevertical.com\/pt-pt\/#\/schema\/person\/aa0954baa4f1cc7852d347e6dde9d839\"},\"description\":\"O projeto Vertical Algas teve uma presen\u00e7a not\u00e1vel na Aquaculture Europe 2025, realizada em Val\u00eancia, de 22 a 25 de setembro...Leia Mais\",\"breadcrumb\":{\"@id\":\"https:\/\/www.algaevertical.com\/pt-pt\/vertical-algas-na-aquaculture-europe-2025-inovacoes-em-aquacultura\/#breadcrumb\"},\"inLanguage\":\"pt-PT\",\"potentialAction\":[{\"@type\":\"ReadAction\",\"target\":[\"https:\/\/www.algaevertical.com\/pt-pt\/vertical-algas-na-aquaculture-europe-2025-inovacoes-em-aquacultura\/\"]}]},{\"@type\":\"ImageObject\",\"inLanguage\":\"pt-PT\",\"@id\":\"https:\/\/www.algaevertical.com\/pt-pt\/vertical-algas-na-aquaculture-europe-2025-inovacoes-em-aquacultura\/#primaryimage\",\"url\":\"https:\/\/www.algaevertical.com\/wp-content\/uploads\/2025\/10\/Rita-Teodosio.jpeg\",\"contentUrl\":\"https:\/\/www.algaevertical.com\/wp-content\/uploads\/2025\/10\/Rita-Teodosio.jpeg\",\"width\":1600,\"height\":900},{\"@type\":\"BreadcrumbList\",\"@id\":\"https:\/\/www.algaevertical.com\/pt-pt\/vertical-algas-na-aquaculture-europe-2025-inovacoes-em-aquacultura\/#breadcrumb\",\"itemListElement\":[{\"@type\":\"ListItem\",\"position\":1,\"name\":\"In\u00edcio\",\"item\":\"https:\/\/www.algaevertical.com\/\"},{\"@type\":\"ListItem\",\"position\":2,\"name\":\"Vertical Algas na Aquaculture Europe 2025: Inova\u00e7\u00f5es em Aquacultura\"}]},{\"@type\":\"WebSite\",\"@id\":\"https:\/\/www.algaevertical.com\/pt-pt\/#website\",\"url\":\"https:\/\/www.algaevertical.com\/pt-pt\/\",\"name\":\"Algae Vertical\",\"description\":\"Projecto AlgaeVertical\",\"potentialAction\":[{\"@type\":\"SearchAction\",\"target\":{\"@type\":\"EntryPoint\",\"urlTemplate\":\"https:\/\/www.algaevertical.com\/pt-pt\/?s={search_term_string}\"},\"query-input\":{\"@type\":\"PropertyValueSpecification\",\"valueRequired\":true,\"valueName\":\"search_term_string\"}}],\"inLanguage\":\"pt-PT\"},{\"@type\":\"Person\",\"@id\":\"https:\/\/www.algaevertical.com\/pt-pt\/#\/schema\/person\/aa0954baa4f1cc7852d347e6dde9d839\",\"name\":\"growme\",\"image\":{\"@type\":\"ImageObject\",\"inLanguage\":\"pt-PT\",\"@id\":\"https:\/\/secure.gravatar.com\/avatar\/4d06ef453e73cf5edddcbb6bf454d99bfa7bf71e9b247f61a2aa7ff6e52f4f5a?s=96&d=mm&r=g\",\"url\":\"https:\/\/secure.gravatar.com\/avatar\/4d06ef453e73cf5edddcbb6bf454d99bfa7bf71e9b247f61a2aa7ff6e52f4f5a?s=96&d=mm&r=g\",\"contentUrl\":\"https:\/\/secure.gravatar.com\/avatar\/4d06ef453e73cf5edddcbb6bf454d99bfa7bf71e9b247f61a2aa7ff6e52f4f5a?s=96&d=mm&r=g\",\"caption\":\"growme\"},\"sameAs\":[\"https:\/\/www.algaevertical.com\"],\"url\":\"https:\/\/www.algaevertical.com\/pt-pt\/author\/growme\/\"}]}<\/script>\n<!-- \/ Yoast SEO plugin. -->","yoast_head_json":{"title":"Algae Vertical Noticias -","description":"O projeto Vertical Algas teve uma presen\u00e7a not\u00e1vel na Aquaculture Europe 2025, realizada em Val\u00eancia, de 22 a 25 de setembro...Leia Mais","robots":{"index":"index","follow":"follow","max-snippet":"max-snippet:-1","max-image-preview":"max-image-preview:large","max-video-preview":"max-video-preview:-1"},"canonical":"https:\/\/www.algaevertical.com\/pt-pt\/vertical-algas-na-aquaculture-europe-2025-inovacoes-em-aquacultura\/","og_locale":"pt_PT","og_type":"article","og_title":"Algae Vertical Noticias -","og_description":"O projeto Vertical Algas teve uma presen\u00e7a not\u00e1vel na Aquaculture Europe 2025, realizada em Val\u00eancia, de 22 a 25 de setembro...Leia Mais","og_url":"https:\/\/www.algaevertical.com\/pt-pt\/vertical-algas-na-aquaculture-europe-2025-inovacoes-em-aquacultura\/","og_site_name":"Algae Vertical","article_published_time":"2025-09-25T20:52:40+00:00","article_modified_time":"2025-10-02T15:27:49+00:00","og_image":[{"width":1600,"height":900,"url":"https:\/\/www.algaevertical.com\/wp-content\/uploads\/2025\/10\/Rita-Teodosio.jpeg","type":"image\/jpeg"}],"author":"growme","twitter_card":"summary_large_image","twitter_misc":{"Escrito por":"growme","Tempo estimado de leitura":"2 minutos"},"schema":{"@context":"https:\/\/schema.org","@graph":[{"@type":"Article","@id":"https:\/\/www.algaevertical.com\/pt-pt\/vertical-algas-na-aquaculture-europe-2025-inovacoes-em-aquacultura\/#article","isPartOf":{"@id":"https:\/\/www.algaevertical.com\/pt-pt\/vertical-algas-na-aquaculture-europe-2025-inovacoes-em-aquacultura\/"},"author":{"name":"growme","@id":"https:\/\/www.algaevertical.com\/pt-pt\/#\/schema\/person\/aa0954baa4f1cc7852d347e6dde9d839"},"headline":"Vertical Algas na Aquaculture Europe 2025: Inova\u00e7\u00f5es em Aquacultura","datePublished":"2025-09-25T20:52:40+00:00","dateModified":"2025-10-02T15:27:49+00:00","mainEntityOfPage":{"@id":"https:\/\/www.algaevertical.com\/pt-pt\/vertical-algas-na-aquaculture-europe-2025-inovacoes-em-aquacultura\/"},"wordCount":372,"image":{"@id":"https:\/\/www.algaevertical.com\/pt-pt\/vertical-algas-na-aquaculture-europe-2025-inovacoes-em-aquacultura\/#primaryimage"},"thumbnailUrl":"https:\/\/www.algaevertical.com\/wp-content\/uploads\/2025\/10\/Rita-Teodosio.jpeg","articleSection":["Noticias"],"inLanguage":"pt-PT"},{"@type":"WebPage","@id":"https:\/\/www.algaevertical.com\/pt-pt\/vertical-algas-na-aquaculture-europe-2025-inovacoes-em-aquacultura\/","url":"https:\/\/www.algaevertical.com\/pt-pt\/vertical-algas-na-aquaculture-europe-2025-inovacoes-em-aquacultura\/","name":"Algae Vertical Noticias -","isPartOf":{"@id":"https:\/\/www.algaevertical.com\/pt-pt\/#website"},"primaryImageOfPage":{"@id":"https:\/\/www.algaevertical.com\/pt-pt\/vertical-algas-na-aquaculture-europe-2025-inovacoes-em-aquacultura\/#primaryimage"},"image":{"@id":"https:\/\/www.algaevertical.com\/pt-pt\/vertical-algas-na-aquaculture-europe-2025-inovacoes-em-aquacultura\/#primaryimage"},"thumbnailUrl":"https:\/\/www.algaevertical.com\/wp-content\/uploads\/2025\/10\/Rita-Teodosio.jpeg","datePublished":"2025-09-25T20:52:40+00:00","dateModified":"2025-10-02T15:27:49+00:00","author":{"@id":"https:\/\/www.algaevertical.com\/pt-pt\/#\/schema\/person\/aa0954baa4f1cc7852d347e6dde9d839"},"description":"O projeto Vertical Algas teve uma presen\u00e7a not\u00e1vel na Aquaculture Europe 2025, realizada em Val\u00eancia, de 22 a 25 de setembro...Leia Mais","breadcrumb":{"@id":"https:\/\/www.algaevertical.com\/pt-pt\/vertical-algas-na-aquaculture-europe-2025-inovacoes-em-aquacultura\/#breadcrumb"},"inLanguage":"pt-PT","potentialAction":[{"@type":"ReadAction","target":["https:\/\/www.algaevertical.com\/pt-pt\/vertical-algas-na-aquaculture-europe-2025-inovacoes-em-aquacultura\/"]}]},{"@type":"ImageObject","inLanguage":"pt-PT","@id":"https:\/\/www.algaevertical.com\/pt-pt\/vertical-algas-na-aquaculture-europe-2025-inovacoes-em-aquacultura\/#primaryimage","url":"https:\/\/www.algaevertical.com\/wp-content\/uploads\/2025\/10\/Rita-Teodosio.jpeg","contentUrl":"https:\/\/www.algaevertical.com\/wp-content\/uploads\/2025\/10\/Rita-Teodosio.jpeg","width":1600,"height":900},{"@type":"BreadcrumbList","@id":"https:\/\/www.algaevertical.com\/pt-pt\/vertical-algas-na-aquaculture-europe-2025-inovacoes-em-aquacultura\/#breadcrumb","itemListElement":[{"@type":"ListItem","position":1,"name":"In\u00edcio","item":"https:\/\/www.algaevertical.com\/"},{"@type":"ListItem","position":2,"name":"Vertical Algas na Aquaculture Europe 2025: Inova\u00e7\u00f5es em Aquacultura"}]},{"@type":"WebSite","@id":"https:\/\/www.algaevertical.com\/pt-pt\/#website","url":"https:\/\/www.algaevertical.com\/pt-pt\/","name":"Algae Vertical","description":"Projecto AlgaeVertical","potentialAction":[{"@type":"SearchAction","target":{"@type":"EntryPoint","urlTemplate":"https:\/\/www.algaevertical.com\/pt-pt\/?s={search_term_string}"},"query-input":{"@type":"PropertyValueSpecification","valueRequired":true,"valueName":"search_term_string"}}],"inLanguage":"pt-PT"},{"@type":"Person","@id":"https:\/\/www.algaevertical.com\/pt-pt\/#\/schema\/person\/aa0954baa4f1cc7852d347e6dde9d839","name":"growme","image":{"@type":"ImageObject","inLanguage":"pt-PT","@id":"https:\/\/secure.gravatar.com\/avatar\/4d06ef453e73cf5edddcbb6bf454d99bfa7bf71e9b247f61a2aa7ff6e52f4f5a?s=96&d=mm&r=g","url":"https:\/\/secure.gravatar.com\/avatar\/4d06ef453e73cf5edddcbb6bf454d99bfa7bf71e9b247f61a2aa7ff6e52f4f5a?s=96&d=mm&r=g","contentUrl":"https:\/\/secure.gravatar.com\/avatar\/4d06ef453e73cf5edddcbb6bf454d99bfa7bf71e9b247f61a2aa7ff6e52f4f5a?s=96&d=mm&r=g","caption":"growme"},"sameAs":["https:\/\/www.algaevertical.com"],"url":"https:\/\/www.algaevertical.com\/pt-pt\/author\/growme\/"}]}},"_links":{"self":[{"href":"https:\/\/www.algaevertical.com\/pt-pt\/wp-json\/wp\/v2\/posts\/8547","targetHints":{"allow":["GET"]}}],"collection":[{"href":"https:\/\/www.algaevertical.com\/pt-pt\/wp-json\/wp\/v2\/posts"}],"about":[{"href":"https:\/\/www.algaevertical.com\/pt-pt\/wp-json\/wp\/v2\/types\/post"}],"author":[{"embeddable":true,"href":"https:\/\/www.algaevertical.com\/pt-pt\/wp-json\/wp\/v2\/users\/1"}],"replies":[{"embeddable":true,"href":"https:\/\/www.algaevertical.com\/pt-pt\/wp-json\/wp\/v2\/comments?post=8547"}],"version-history":[{"count":1,"href":"https:\/\/www.algaevertical.com\/pt-pt\/wp-json\/wp\/v2\/posts\/8547\/revisions"}],"predecessor-version":[{"id":8548,"href":"https:\/\/www.algaevertical.com\/pt-pt\/wp-json\/wp\/v2\/posts\/8547\/revisions\/8548"}],"wp:featuredmedia":[{"embeddable":true,"href":"https:\/\/www.algaevertical.com\/pt-pt\/wp-json\/wp\/v2\/media\/8524"}],"wp:attachment":[{"href":"https:\/\/www.algaevertical.com\/pt-pt\/wp-json\/wp\/v2\/media?parent=8547"}],"wp:term":[{"taxonomy":"category","embeddable":true,"href":"https:\/\/www.algaevertical.com\/pt-pt\/wp-json\/wp\/v2\/categories?post=8547"},{"taxonomy":"post_tag","embeddable":true,"href":"https:\/\/www.algaevertical.com\/pt-pt\/wp-json\/wp\/v2\/tags?post=8547"}],"curies":[{"name":"wp","href":"https:\/\/api.w.org\/{rel}","templated":true}]}}